
{"id":33022,"date":"2013-12-10T07:45:20","date_gmt":"2013-12-10T10:45:20","guid":{"rendered":"http:\/\/www.sudoestehoje.com.br\/novoportal\/?p=33022"},"modified":"2013-12-10T07:45:20","modified_gmt":"2013-12-10T10:45:20","slug":"deputado-federal-antonio-brito-e-homenageado-em-sao-paulo","status":"publish","type":"post","link":"https:\/\/www.sudoestehoje.com.br\/novoportal\/2013\/12\/10\/deputado-federal-antonio-brito-e-homenageado-em-sao-paulo\/","title":{"rendered":"DEPUTADO FEDERAL ANT\u00d4NIO BRITO \u00c9 HOMENAGEADO EM S\u00c3O PAULO"},"content":{"rendered":"<p><a href=\"http:\/\/www.sudoestehoje.com.br\/novoportal\/wp-content\/uploads\/2013\/12\/BRITO.jpg\"><img loading=\"lazy\" decoding=\"async\" class=\"size-full wp-image-33023 alignleft\" alt=\"BRITO\" src=\"http:\/\/www.sudoestehoje.com.br\/novoportal\/wp-content\/uploads\/2013\/12\/BRITO.jpg\" width=\"280\" height=\"280\" srcset=\"https:\/\/www.sudoestehoje.com.br\/novoportal\/wp-content\/uploads\/2013\/12\/BRITO.jpg 280w, https:\/\/www.sudoestehoje.com.br\/novoportal\/wp-content\/uploads\/2013\/12\/BRITO-150x150.jpg 150w\" sizes=\"auto, (max-width: 280px) 100vw, 280px\" \/><\/a><\/p>\n<p>O setor filantr\u00f3pico paulista homenageou nesta segunda-feira (9) o ministro da Sa\u00fade, Alexandre Padilha (PT), e o deputado federal baiano Antonio Brito (PTB), presidente da Frente Parlamentar das Santas Casas e Hospitais Filantr\u00f3picos e presidente da Confedera\u00e7\u00e3o Mundial das Miseric\u00f3rdias (CIM). O evento foi realizado na Santa Casa de Miseric\u00f3rdia de S\u00e3o Paulo e reuniu mais de 200 provedores de todo o estado.<\/p>\n<p>Entre os motivos das homenagens est\u00e3o o Prosus, que \u00e9 a morat\u00f3ria das d\u00edvidas tribut\u00e1rias, a libera\u00e7\u00e3o de R$ 1,7 bilh\u00e3o para o incentivo a ades\u00e3o \u00e0 contratualiza\u00e7\u00e3o, e altera\u00e7\u00e3o da Lei da Filantropia, entre outros itens. Foi apresentada ainda a pauta do pr\u00f3ximo ano, onde est\u00e1 em destaque a renegocia\u00e7\u00e3o das d\u00edvidas banc\u00e1rias, que j\u00e1 somam mais de R$ 5 bilh\u00f5es.<\/p>\n<p>\u201cEsse reconhecimento me d\u00e1 mais entusiasmo para lutar pelo setor filantr\u00f3pico no pa\u00eds, especialmente na Bahia, e estarei encaminhando a pauta de 2014 no Congresso Nacional\u201d, declarou Brito enquanto comemorava ao lado do ministro Padilha, do provedor da Santa Casa de S\u00e3o Paulo Kalil Adballa, e do Presidente das Miseric\u00f3rdias do Brasil, Saulo Coelho (foto).<\/p>\n<p>Tamb\u00e9m estavam presentes \u00e0 solenidade o provedor da Santa Casa de Miseric\u00f3rdia da Bahia, Roberto S\u00e1 Menezes, e o presidente da Federa\u00e7\u00e3o das Santas Casas e Hospitais Filantr\u00f3picos da Bahia, Maur\u00edcio Dias Pereira.<\/p>\n","protected":false},"excerpt":{"rendered":"<p>O setor filantr\u00f3pico paulista homenageou nesta segunda-feira (9) o ministro da Sa\u00fade, Alexandre Padilha (PT), e o deputado federal baiano Antonio Brito (PTB), presidente da Frente Parlamentar das Santas Casas e Hospitais Filantr\u00f3picos e presidente da Confedera\u00e7\u00e3o Mundial das Miseric\u00f3rdias (CIM). O evento foi realizado na Santa Casa de Miseric\u00f3rdia de S\u00e3o Paulo e reuniu [&hellip;]<\/p>\n","protected":false},"author":2,"featured_media":0,"comment_status":"open","ping_status":"open","sticky":false,"template":"","format":"standard","meta":{"footnotes":"","_links_to":"","_links_to_target":""},"categories":[1],"tags":[],"class_list":["post-33022","post","type-post","status-publish","format-standard","hentry","category-geral"],"views":1149,"_links":{"self":[{"href":"https:\/\/www.sudoestehoje.com.br\/novoportal\/wp-json\/wp\/v2\/posts\/33022","targetHints":{"allow":["GET"]}}],"collection":[{"href":"https:\/\/www.sudoestehoje.com.br\/novoportal\/wp-json\/wp\/v2\/posts"}],"about":[{"href":"https:\/\/www.sudoestehoje.com.br\/novoportal\/wp-json\/wp\/v2\/types\/post"}],"author":[{"embeddable":true,"href":"https:\/\/www.sudoestehoje.com.br\/novoportal\/wp-json\/wp\/v2\/users\/2"}],"replies":[{"embeddable":true,"href":"https:\/\/www.sudoestehoje.com.br\/novoportal\/wp-json\/wp\/v2\/comments?post=33022"}],"version-history":[{"count":1,"href":"https:\/\/www.sudoestehoje.com.br\/novoportal\/wp-json\/wp\/v2\/posts\/33022\/revisions"}],"predecessor-version":[{"id":33024,"href":"https:\/\/www.sudoestehoje.com.br\/novoportal\/wp-json\/wp\/v2\/posts\/33022\/revisions\/33024"}],"wp:attachment":[{"href":"https:\/\/www.sudoestehoje.com.br\/novoportal\/wp-json\/wp\/v2\/media?parent=33022"}],"wp:term":[{"taxonomy":"category","embeddable":true,"href":"https:\/\/www.sudoestehoje.com.br\/novoportal\/wp-json\/wp\/v2\/categories?post=33022"},{"taxonomy":"post_tag","embeddable":true,"href":"https:\/\/www.sudoestehoje.com.br\/novoportal\/wp-json\/wp\/v2\/tags?post=33022"}],"curies":[{"name":"wp","href":"https:\/\/api.w.org\/{rel}","templated":true}]}}