
{"id":33000,"date":"2013-12-09T19:07:40","date_gmt":"2013-12-09T22:07:40","guid":{"rendered":"http:\/\/www.sudoestehoje.com.br\/novoportal\/?p=33000"},"modified":"2013-12-09T19:07:40","modified_gmt":"2013-12-09T22:07:40","slug":"medica-cubana-e-recepcionada-pelo-prefeito-paulo-fernandes-de-itarantim","status":"publish","type":"post","link":"https:\/\/www.sudoestehoje.com.br\/novoportal\/2013\/12\/09\/medica-cubana-e-recepcionada-pelo-prefeito-paulo-fernandes-de-itarantim\/","title":{"rendered":"M\u00c9DICA CUBANA \u00c9 RECEPCIONADA PELO PREFEITO PAULO FERNANDES DE ITARANTIM"},"content":{"rendered":"<p><a href=\"http:\/\/www.sudoestehoje.com.br\/novoportal\/wp-content\/uploads\/2013\/12\/MEDICA.jpg\"><img loading=\"lazy\" decoding=\"async\" class=\"aligncenter size-medium wp-image-33004\" alt=\"MEDICA\" src=\"http:\/\/www.sudoestehoje.com.br\/novoportal\/wp-content\/uploads\/2013\/12\/MEDICA-500x327.jpg\" width=\"500\" height=\"327\" srcset=\"https:\/\/www.sudoestehoje.com.br\/novoportal\/wp-content\/uploads\/2013\/12\/MEDICA-500x327.jpg 500w, https:\/\/www.sudoestehoje.com.br\/novoportal\/wp-content\/uploads\/2013\/12\/MEDICA-700x458.jpg 700w, https:\/\/www.sudoestehoje.com.br\/novoportal\/wp-content\/uploads\/2013\/12\/MEDICA.jpg 1600w\" sizes=\"auto, (max-width: 500px) 100vw, 500px\" \/><\/a><\/p>\n<p>O prefeito de Itarantim, Paulo Fernandes, recepcionou, na tarde desse s\u00e1bado (07), a m\u00e9dica cubana Otmara Matilde Pedroso, integrante do programa &#8216;Mais M\u00e9dicos&#8217; do governo federal. A m\u00e9dica ir\u00e1 residir no distrito de Ribeir\u00e3o do Salto, onde atuar\u00e1 pelos pr\u00f3ximos tr\u00eas anos.<\/p>\n<p>A acolhida da m\u00e9dica aconteceu no audit\u00f3rio da prefeitura e contou com a presen\u00e7a do vice-prefeito Kleber Fonseca, do Padre Rosenildo, da Secret\u00e1ria de Sa\u00fade, Wliana Xavier, da Secret\u00e1ria de Assist\u00eancia Social, Meire Fernandes, \u00a0e demais secret\u00e1rios municipais, do presidente da c\u00e2mara de vereadores, Juvenal Rodrigues, dos vereadores Dudu dos Tutas, Jean Chaves e Marcos Brito, al\u00e9m de enfermeiras, agentes de sa\u00fade, t\u00e9cnicas de enfermagem e demais funcion\u00e1rios da secretaria de sa\u00fade.<\/p>\n<p><a href=\"http:\/\/www.sudoestehoje.com.br\/novoportal\/wp-content\/uploads\/2013\/12\/MEDICA-CUBANA.jpg\"><img loading=\"lazy\" decoding=\"async\" class=\"aligncenter size-medium wp-image-33005\" alt=\"MEDICA CUBANA\" src=\"http:\/\/www.sudoestehoje.com.br\/novoportal\/wp-content\/uploads\/2013\/12\/MEDICA-CUBANA-500x334.jpg\" width=\"500\" height=\"334\" srcset=\"https:\/\/www.sudoestehoje.com.br\/novoportal\/wp-content\/uploads\/2013\/12\/MEDICA-CUBANA-500x334.jpg 500w, https:\/\/www.sudoestehoje.com.br\/novoportal\/wp-content\/uploads\/2013\/12\/MEDICA-CUBANA-700x468.jpg 700w, https:\/\/www.sudoestehoje.com.br\/novoportal\/wp-content\/uploads\/2013\/12\/MEDICA-CUBANA.jpg 1600w\" sizes=\"auto, (max-width: 500px) 100vw, 500px\" \/><\/a><\/p>\n<p>A m\u00e9dica afirmou que ficou emocionada com a hospitalidade recebida em Itarantim e destacou a import\u00e2ncia de todos na melhoria da sa\u00fade: \u201cEstou aqui para ajudar todos voc\u00eas a melhorar os indicadores de sa\u00fade do munic\u00edpio e juntos, como uma fam\u00edlia, vamos fazer que Itarantim triunfe na sa\u00fade\u201d, disse a m\u00e9dica.<\/p>\n<p>A secret\u00e1ria de sa\u00fade afirmou que habilitou o munic\u00edpio para dois m\u00e9dicos do referido programa do governo federal e espera at\u00e9 o m\u00eas de Mar\u00e7o a chegada de outro m\u00e9dico cubano para atender em Itarantim.<\/p>\n<p><a href=\"http:\/\/www.sudoestehoje.com.br\/novoportal\/wp-content\/uploads\/2013\/12\/MEDICA-2.jpg\"><img loading=\"lazy\" decoding=\"async\" class=\"aligncenter size-medium wp-image-33006\" alt=\"MEDICA 2\" src=\"http:\/\/www.sudoestehoje.com.br\/novoportal\/wp-content\/uploads\/2013\/12\/MEDICA-2-500x334.jpg\" width=\"500\" height=\"334\" srcset=\"https:\/\/www.sudoestehoje.com.br\/novoportal\/wp-content\/uploads\/2013\/12\/MEDICA-2-500x334.jpg 500w, https:\/\/www.sudoestehoje.com.br\/novoportal\/wp-content\/uploads\/2013\/12\/MEDICA-2-700x468.jpg 700w, https:\/\/www.sudoestehoje.com.br\/novoportal\/wp-content\/uploads\/2013\/12\/MEDICA-2.jpg 1600w\" sizes=\"auto, (max-width: 500px) 100vw, 500px\" \/><\/a><\/p>\n<div>O prefeito destacou que est\u00e1 dando total apoio, \u00e1 m\u00e9dica e ir\u00e1 fornecer todos os recursos para que a\u00a0profissional\u00a0exer\u00e7a um \u00f3timo trabalho em Itarantim.\u00a0\u201cSomos muito gratos a voc\u00ea, que deixa seu pa\u00eds para somar junto com as nossa equipe, para juntos fazermos uma sa\u00fade cada vez melhor para Itarantim\u201d, afirmou o prefeito. Itarantim Agora<\/div>\n","protected":false},"excerpt":{"rendered":"<p>O prefeito de Itarantim, Paulo Fernandes, recepcionou, na tarde desse s\u00e1bado (07), a m\u00e9dica cubana Otmara Matilde Pedroso, integrante do programa &#8216;Mais M\u00e9dicos&#8217; do governo federal. A m\u00e9dica ir\u00e1 residir no distrito de Ribeir\u00e3o do Salto, onde atuar\u00e1 pelos pr\u00f3ximos tr\u00eas anos. A acolhida da m\u00e9dica aconteceu no audit\u00f3rio da prefeitura e contou com a [&hellip;]<\/p>\n","protected":false},"author":2,"featured_media":0,"comment_status":"open","ping_status":"open","sticky":false,"template":"","format":"standard","meta":{"footnotes":"","_links_to":"","_links_to_target":""},"categories":[1],"tags":[],"class_list":["post-33000","post","type-post","status-publish","format-standard","hentry","category-geral"],"views":3893,"_links":{"self":[{"href":"https:\/\/www.sudoestehoje.com.br\/novoportal\/wp-json\/wp\/v2\/posts\/33000","targetHints":{"allow":["GET"]}}],"collection":[{"href":"https:\/\/www.sudoestehoje.com.br\/novoportal\/wp-json\/wp\/v2\/posts"}],"about":[{"href":"https:\/\/www.sudoestehoje.com.br\/novoportal\/wp-json\/wp\/v2\/types\/post"}],"author":[{"embeddable":true,"href":"https:\/\/www.sudoestehoje.com.br\/novoportal\/wp-json\/wp\/v2\/users\/2"}],"replies":[{"embeddable":true,"href":"https:\/\/www.sudoestehoje.com.br\/novoportal\/wp-json\/wp\/v2\/comments?post=33000"}],"version-history":[{"count":5,"href":"https:\/\/www.sudoestehoje.com.br\/novoportal\/wp-json\/wp\/v2\/posts\/33000\/revisions"}],"predecessor-version":[{"id":33008,"href":"https:\/\/www.sudoestehoje.com.br\/novoportal\/wp-json\/wp\/v2\/posts\/33000\/revisions\/33008"}],"wp:attachment":[{"href":"https:\/\/www.sudoestehoje.com.br\/novoportal\/wp-json\/wp\/v2\/media?parent=33000"}],"wp:term":[{"taxonomy":"category","embeddable":true,"href":"https:\/\/www.sudoestehoje.com.br\/novoportal\/wp-json\/wp\/v2\/categories?post=33000"},{"taxonomy":"post_tag","embeddable":true,"href":"https:\/\/www.sudoestehoje.com.br\/novoportal\/wp-json\/wp\/v2\/tags?post=33000"}],"curies":[{"name":"wp","href":"https:\/\/api.w.org\/{rel}","templated":true}]}}