
{"id":32978,"date":"2013-12-08T20:34:30","date_gmt":"2013-12-08T23:34:30","guid":{"rendered":"http:\/\/www.sudoestehoje.com.br\/novoportal\/?p=32978"},"modified":"2013-12-08T20:35:04","modified_gmt":"2013-12-08T23:35:04","slug":"calote-no-amigo","status":"publish","type":"post","link":"https:\/\/www.sudoestehoje.com.br\/novoportal\/2013\/12\/08\/calote-no-amigo\/","title":{"rendered":"CALOTE AT\u00c9 NOS AMIGOS&#8230;"},"content":{"rendered":"<p style=\"text-align: center;\"><a href=\"http:\/\/www.sudoestehoje.com.br\/novoportal\/wp-content\/uploads\/2013\/12\/Calote-n\u00e3o.png\"><img decoding=\"async\" class=\"aligncenter  wp-image-32979\" alt=\"Calote n\u00e3o\" src=\"http:\/\/www.sudoestehoje.com.br\/novoportal\/wp-content\/uploads\/2013\/12\/Calote-n\u00e3o.png\" width=\"157\" \/><\/a><\/p>\n<p>Quem estava espumando de raiva do prefeito Z\u00e9 Carlos, neste final de semana, foi o propriet\u00e1rio do im\u00f3vel locado pela prefeitura, para instalar a sede da Guarda Municipal. Amig\u00e3o do prefeito, o locador j\u00e1 amarga 4 meses de alugu\u00e9is atrasados, indo para o 5\u00ba m\u00eas, sem qualquer satisfa\u00e7\u00e3o por parte da prefeitura. A Guarda Municipal n\u00e3o tem nada com isso e j\u00e1 vive ressabiada de tanto ouvir cobran\u00e7as, como acontecia quando a sede da guarni\u00e7\u00e3o era no centro da cidade e o propriet\u00e1rio n\u00e3o sa\u00eda da porta, querendo receber o dele. Como o dono do antigo im\u00f3vel n\u00e3o quis mais renovar o contrato com a prefeitura, sobrou para o amig\u00e3o do prefeito, que agora chora de arrependimento. Falta de conselho, n\u00e3o foi&#8230;<\/p>\n","protected":false},"excerpt":{"rendered":"<p>Quem estava espumando de raiva do prefeito Z\u00e9 Carlos, neste final de semana, foi o propriet\u00e1rio do im\u00f3vel locado pela prefeitura, para instalar a sede da Guarda Municipal. Amig\u00e3o do prefeito, o locador j\u00e1 amarga 4 meses de alugu\u00e9is atrasados, indo para o 5\u00ba m\u00eas, sem qualquer satisfa\u00e7\u00e3o por parte da prefeitura. A Guarda Municipal [&hellip;]<\/p>\n","protected":false},"author":2,"featured_media":0,"comment_status":"open","ping_status":"open","sticky":false,"template":"","format":"standard","meta":{"footnotes":"","_links_to":"","_links_to_target":""},"categories":[11],"tags":[],"class_list":["post-32978","post","type-post","status-publish","format-standard","hentry","category-quentinhas"],"views":3711,"_links":{"self":[{"href":"https:\/\/www.sudoestehoje.com.br\/novoportal\/wp-json\/wp\/v2\/posts\/32978","targetHints":{"allow":["GET"]}}],"collection":[{"href":"https:\/\/www.sudoestehoje.com.br\/novoportal\/wp-json\/wp\/v2\/posts"}],"about":[{"href":"https:\/\/www.sudoestehoje.com.br\/novoportal\/wp-json\/wp\/v2\/types\/post"}],"author":[{"embeddable":true,"href":"https:\/\/www.sudoestehoje.com.br\/novoportal\/wp-json\/wp\/v2\/users\/2"}],"replies":[{"embeddable":true,"href":"https:\/\/www.sudoestehoje.com.br\/novoportal\/wp-json\/wp\/v2\/comments?post=32978"}],"version-history":[{"count":2,"href":"https:\/\/www.sudoestehoje.com.br\/novoportal\/wp-json\/wp\/v2\/posts\/32978\/revisions"}],"predecessor-version":[{"id":32981,"href":"https:\/\/www.sudoestehoje.com.br\/novoportal\/wp-json\/wp\/v2\/posts\/32978\/revisions\/32981"}],"wp:attachment":[{"href":"https:\/\/www.sudoestehoje.com.br\/novoportal\/wp-json\/wp\/v2\/media?parent=32978"}],"wp:term":[{"taxonomy":"category","embeddable":true,"href":"https:\/\/www.sudoestehoje.com.br\/novoportal\/wp-json\/wp\/v2\/categories?post=32978"},{"taxonomy":"post_tag","embeddable":true,"href":"https:\/\/www.sudoestehoje.com.br\/novoportal\/wp-json\/wp\/v2\/tags?post=32978"}],"curies":[{"name":"wp","href":"https:\/\/api.w.org\/{rel}","templated":true}]}}