
{"id":32974,"date":"2013-12-08T19:40:36","date_gmt":"2013-12-08T22:40:36","guid":{"rendered":"http:\/\/www.sudoestehoje.com.br\/novoportal\/?p=32974"},"modified":"2013-12-08T19:40:36","modified_gmt":"2013-12-08T22:40:36","slug":"vasco-e-fluminense-sao-rebaixados-para-a-segunda-divisao","status":"publish","type":"post","link":"https:\/\/www.sudoestehoje.com.br\/novoportal\/2013\/12\/08\/vasco-e-fluminense-sao-rebaixados-para-a-segunda-divisao\/","title":{"rendered":"VASCO E FLUMINENSE S\u00c3O REBAIXADOS PARA A SEGUNDA DIVIS\u00c3O"},"content":{"rendered":"<p><a href=\"http:\/\/www.sudoestehoje.com.br\/novoportal\/wp-content\/uploads\/2013\/12\/segundona.jpg\"><img loading=\"lazy\" decoding=\"async\" class=\"aligncenter size-medium wp-image-32975\" alt=\"segundona\" src=\"http:\/\/www.sudoestehoje.com.br\/novoportal\/wp-content\/uploads\/2013\/12\/segundona-500x195.jpg\" width=\"500\" height=\"195\" srcset=\"https:\/\/www.sudoestehoje.com.br\/novoportal\/wp-content\/uploads\/2013\/12\/segundona-500x195.jpg 500w, https:\/\/www.sudoestehoje.com.br\/novoportal\/wp-content\/uploads\/2013\/12\/segundona-700x273.jpg 700w, https:\/\/www.sudoestehoje.com.br\/novoportal\/wp-content\/uploads\/2013\/12\/segundona.jpg 960w\" sizes=\"auto, (max-width: 500px) 100vw, 500px\" \/><\/a><\/p>\n<p>O futebol do Rio teve o domingo mais terr\u00edvel de sua hist\u00f3ria. Fluminense e Vasco, dois gigantes que, juntos, j\u00e1 conquistaram oito vezes o Campeonato Brasileiro, foram rebaixados para a segunda divis\u00e3o do Brasileir\u00e3o, ano que vem.<\/p>\n<p>O time de S\u00e3o Janu\u00e1rio foi humilhado em Joinville e\u00a0<a href=\"http:\/\/oglobo.globo.com\/esportes\/tempoReal\/2013\/973\/default.asp?idjogo=6708\">levou de 5 a 1 do Atl\u00e9tico-PR<\/a>, em<a href=\"http:\/\/oglobo.globo.com\/esportes\/campeonato-brasileiro-2013\/violencia-entre-torcidas-interrompe-atletico-pr-vasco-por-mais-de-uma-hora-11008016\">\u00a0jogo marcado pela viol\u00eancia das torcidas, em briga generalizada na arquibancada, que deixou tr\u00eas torcedores gravemente feridos e provocou a interrup\u00e7\u00e3o da partida por uma hora e doze minutos<\/a>.<\/p>\n<p>J\u00e1 o tricolor\u00a0<a href=\"http:\/\/oglobo.globo.com\/esportes\/tempoReal\/2013\/973\/default.asp?idjogo=6703\">venceu o Bahia de virada, por 2 a 1, em Salvador,<\/a>\u00a0mas a vit\u00f3ria n\u00e3o foi suficiente porque o Coritiba derrotou o S\u00e3o Paulo por 1 a 0, em Itu, interior paulista, e empurrou a equipe das Laranjeiras para a S\u00e9rie B. \u00c9 o quarto rebaixamento do Fluminense, que ca\u00edra em 1996 (n\u00e3o disputou a S\u00e9rie B gra\u00e7as a uma virada de mesa), 1997 e 1998 (para a S\u00e9rie C). E o segundo do Vasco, que j\u00e1 tinha ca\u00eddo em 2008. O Globo<\/p>\n","protected":false},"excerpt":{"rendered":"<p>O futebol do Rio teve o domingo mais terr\u00edvel de sua hist\u00f3ria. Fluminense e Vasco, dois gigantes que, juntos, j\u00e1 conquistaram oito vezes o Campeonato Brasileiro, foram rebaixados para a segunda divis\u00e3o do Brasileir\u00e3o, ano que vem. O time de S\u00e3o Janu\u00e1rio foi humilhado em Joinville e\u00a0levou de 5 a 1 do Atl\u00e9tico-PR, em\u00a0jogo marcado [&hellip;]<\/p>\n","protected":false},"author":2,"featured_media":0,"comment_status":"open","ping_status":"open","sticky":false,"template":"","format":"standard","meta":{"footnotes":"","_links_to":"","_links_to_target":""},"categories":[1],"tags":[],"class_list":["post-32974","post","type-post","status-publish","format-standard","hentry","category-geral"],"views":1674,"_links":{"self":[{"href":"https:\/\/www.sudoestehoje.com.br\/novoportal\/wp-json\/wp\/v2\/posts\/32974","targetHints":{"allow":["GET"]}}],"collection":[{"href":"https:\/\/www.sudoestehoje.com.br\/novoportal\/wp-json\/wp\/v2\/posts"}],"about":[{"href":"https:\/\/www.sudoestehoje.com.br\/novoportal\/wp-json\/wp\/v2\/types\/post"}],"author":[{"embeddable":true,"href":"https:\/\/www.sudoestehoje.com.br\/novoportal\/wp-json\/wp\/v2\/users\/2"}],"replies":[{"embeddable":true,"href":"https:\/\/www.sudoestehoje.com.br\/novoportal\/wp-json\/wp\/v2\/comments?post=32974"}],"version-history":[{"count":2,"href":"https:\/\/www.sudoestehoje.com.br\/novoportal\/wp-json\/wp\/v2\/posts\/32974\/revisions"}],"predecessor-version":[{"id":32977,"href":"https:\/\/www.sudoestehoje.com.br\/novoportal\/wp-json\/wp\/v2\/posts\/32974\/revisions\/32977"}],"wp:attachment":[{"href":"https:\/\/www.sudoestehoje.com.br\/novoportal\/wp-json\/wp\/v2\/media?parent=32974"}],"wp:term":[{"taxonomy":"category","embeddable":true,"href":"https:\/\/www.sudoestehoje.com.br\/novoportal\/wp-json\/wp\/v2\/categories?post=32974"},{"taxonomy":"post_tag","embeddable":true,"href":"https:\/\/www.sudoestehoje.com.br\/novoportal\/wp-json\/wp\/v2\/tags?post=32974"}],"curies":[{"name":"wp","href":"https:\/\/api.w.org\/{rel}","templated":true}]}}