
{"id":32971,"date":"2013-12-08T19:27:49","date_gmt":"2013-12-08T22:27:49","guid":{"rendered":"http:\/\/www.sudoestehoje.com.br\/novoportal\/?p=32971"},"modified":"2013-12-08T19:27:49","modified_gmt":"2013-12-08T22:27:49","slug":"otto-organiza-ato-de-apoio-do-psd-a-candidatura-de-rui-costa","status":"publish","type":"post","link":"https:\/\/www.sudoestehoje.com.br\/novoportal\/2013\/12\/08\/otto-organiza-ato-de-apoio-do-psd-a-candidatura-de-rui-costa\/","title":{"rendered":"OTTO ORGANIZA ATO DE APOIO DO PSD \u00c0 CANDIDATURA DE RUI COSTA"},"content":{"rendered":"<p align=\"left\"><a href=\"http:\/\/www.sudoestehoje.com.br\/novoportal\/wp-content\/uploads\/2013\/12\/otto-e-rui.jpg\"><img loading=\"lazy\" decoding=\"async\" class=\"aligncenter size-medium wp-image-32972\" alt=\"otto e rui\" src=\"http:\/\/www.sudoestehoje.com.br\/novoportal\/wp-content\/uploads\/2013\/12\/otto-e-rui-500x250.jpg\" width=\"500\" height=\"250\" srcset=\"https:\/\/www.sudoestehoje.com.br\/novoportal\/wp-content\/uploads\/2013\/12\/otto-e-rui-500x250.jpg 500w, https:\/\/www.sudoestehoje.com.br\/novoportal\/wp-content\/uploads\/2013\/12\/otto-e-rui.jpg 660w\" sizes=\"auto, (max-width: 500px) 100vw, 500px\" \/><\/a><\/p>\n<p align=\"left\">Dando demonstra\u00e7\u00e3o de lealdade ao governador Jaques Wagner (PT), o vice-governador da Bahia e secret\u00e1rio de Infraestrutura, Otto Alencar (PSD), confirma a sua pr\u00e9-candidatura ao Senado e j\u00e1 organiza um ato com lideran\u00e7as e integrantes do seu partido para oficializar o\u00a0apoio\u00a0ao secret\u00e1rio da Casa Civil, Rui Costa, para a corrida ao governo nas elei\u00e7\u00f5es de 2014.<\/p>\n<p align=\"left\">O evento ocorrer\u00e1 na sede da Uni\u00e3o dos Munic\u00edpios da Bahia (UPB), no dia 17, \u00e0s 9h. Segundo Otto, ir\u00e3o participar membros do PSD de toda a Bahia. \u201cConversei com todos por telefone, fiz contato e tive o apoio absoluto para o apoio ao secret\u00e1rio Rui Costa. O PSD vem em peso formalizar essa alian\u00e7a com o PT\u201d, disse \u00e0 reportagem.<\/p>\n<p align=\"left\">O PSD tem atualmente nove deputados na Assembleia Legislativa e seis representantes da Bahia na C\u00e2mara Federal. \u201cA alian\u00e7a s\u00f3lida de 2010 com o governador ser\u00e1 ainda mais firme e s\u00f3lida em 2014, pois eu acredito neste\u00a0projeto\u00a0liderado por ele na Bahia e pela presidente Dilma no Brasil\u201d, afirmou em tom de anima\u00e7\u00e3o. O vice-governador destacou que n\u00e3o ser\u00e1 empecilho para a unidade na\u00a0constru\u00e7\u00e3o\u00a0da chapa.<!--more--><\/p>\n<p align=\"left\">\u201cMas acredito que n\u00e3o haver\u00e1 nenhuma disputa. Vamos marchar unidos, mostrando o que j\u00e1 foi feito no per\u00edodo,\u00a0\u00a0 respeitando os advers\u00e1rios. Acho que as coisas est\u00e3o caminhando bem e o nome de Rui est\u00e1 bem aceito\u201d, destacou. Ele tamb\u00e9m frisou que houve participa\u00e7\u00e3o nas decis\u00f5es. \u201cO governador nunca deixou de me incluir em todas as decis\u00f5es, mas em todas as decis\u00f5es me colocava como um nome\u201d.<\/p>\n<p>Otto admitiu a vontade dos pessedistas em t\u00ea-lo como cabe\u00e7a de chapa ao Pal\u00e1cio de Ondina, mas ressaltou que todos entenderam o seu\u00a0objetivo\u00a0de alcan\u00e7ar a vaga no Senado. \u201cQuero ser senador para trabalhar pelas reformas que o Brasil precisa\u201d, enfatizou. Tribuna da Bahia<\/p>\n","protected":false},"excerpt":{"rendered":"<p>Dando demonstra\u00e7\u00e3o de lealdade ao governador Jaques Wagner (PT), o vice-governador da Bahia e secret\u00e1rio de Infraestrutura, Otto Alencar (PSD), confirma a sua pr\u00e9-candidatura ao Senado e j\u00e1 organiza um ato com lideran\u00e7as e integrantes do seu partido para oficializar o\u00a0apoio\u00a0ao secret\u00e1rio da Casa Civil, Rui Costa, para a corrida ao governo nas elei\u00e7\u00f5es de [&hellip;]<\/p>\n","protected":false},"author":2,"featured_media":0,"comment_status":"open","ping_status":"open","sticky":false,"template":"","format":"standard","meta":{"footnotes":"","_links_to":"","_links_to_target":""},"categories":[1],"tags":[],"class_list":["post-32971","post","type-post","status-publish","format-standard","hentry","category-geral"],"views":1211,"_links":{"self":[{"href":"https:\/\/www.sudoestehoje.com.br\/novoportal\/wp-json\/wp\/v2\/posts\/32971","targetHints":{"allow":["GET"]}}],"collection":[{"href":"https:\/\/www.sudoestehoje.com.br\/novoportal\/wp-json\/wp\/v2\/posts"}],"about":[{"href":"https:\/\/www.sudoestehoje.com.br\/novoportal\/wp-json\/wp\/v2\/types\/post"}],"author":[{"embeddable":true,"href":"https:\/\/www.sudoestehoje.com.br\/novoportal\/wp-json\/wp\/v2\/users\/2"}],"replies":[{"embeddable":true,"href":"https:\/\/www.sudoestehoje.com.br\/novoportal\/wp-json\/wp\/v2\/comments?post=32971"}],"version-history":[{"count":1,"href":"https:\/\/www.sudoestehoje.com.br\/novoportal\/wp-json\/wp\/v2\/posts\/32971\/revisions"}],"predecessor-version":[{"id":32973,"href":"https:\/\/www.sudoestehoje.com.br\/novoportal\/wp-json\/wp\/v2\/posts\/32971\/revisions\/32973"}],"wp:attachment":[{"href":"https:\/\/www.sudoestehoje.com.br\/novoportal\/wp-json\/wp\/v2\/media?parent=32971"}],"wp:term":[{"taxonomy":"category","embeddable":true,"href":"https:\/\/www.sudoestehoje.com.br\/novoportal\/wp-json\/wp\/v2\/categories?post=32971"},{"taxonomy":"post_tag","embeddable":true,"href":"https:\/\/www.sudoestehoje.com.br\/novoportal\/wp-json\/wp\/v2\/tags?post=32971"}],"curies":[{"name":"wp","href":"https:\/\/api.w.org\/{rel}","templated":true}]}}