
{"id":3289,"date":"2011-01-29T16:37:38","date_gmt":"2011-01-29T19:37:38","guid":{"rendered":"http:\/\/www.sudoestehoje.com.br\/novoportal\/?p=3289"},"modified":"2011-01-29T16:39:18","modified_gmt":"2011-01-29T19:39:18","slug":"a-casa-e-minha","status":"publish","type":"post","link":"https:\/\/www.sudoestehoje.com.br\/novoportal\/2011\/01\/29\/a-casa-e-minha\/","title":{"rendered":"A CASA \u00c9 MINHA&#8230;"},"content":{"rendered":"<p style=\"text-align: center;\"><a href=\"http:\/\/www.google.com.br\/imgres?imgurl=http:\/\/www.prosaepolitica.com.br\/wp-content\/uploads\/2010\/08\/00rs0814b.jpg&amp;imgrefurl=http:\/\/www.prosaepolitica.com.br\/2010\/08\/15\/charge-minha-farsa-minha-vida-2\/&amp;usg=__rnQhAZm6v7IbfXzxOaaOfiwCKdY=&amp;h=414&amp;w=640&amp;sz=107&amp;hl=pt-br&amp;start=54&amp;zoom=1&amp;um=1&amp;itbs=1&amp;tbnid=zGOkfS4yFtFR_M:&amp;tbnh=89&amp;tbnw=137&amp;prev=\/images%3Fq%3Dminha%2Bcasa%2Bcharge%26start%3D40%26um%3D1%26hl%3Dpt-br%26sa%3DN%26rlz%3D1R2SKPB_pt-BRBR354%26ndsp%3D20%26tbs%3Disch:1&amp;ei=XGxETdn7DsycgQeg35TDAQ\"><img loading=\"lazy\" decoding=\"async\" class=\"aligncenter\" src=\"http:\/\/t0.gstatic.com\/images?q=tbn:ANd9GcT1lrpf_e8NRJ_ro5yan2qz5i2-sM0BSDGlfHUNUNczv1ZOTMf1FNT05Zk\" alt=\"\" width=\"137\" height=\"89\" \/><\/a><\/p>\n<p>A primeira leva de casinhas construidas para abrigar familias de baixa renda, pelo programa &#8216;Minha Casa, Minha Vida&#8217;, em Itapetinga, est\u00e1 sob suspeita, pois h\u00e1 v\u00e1rias den\u00fancias de favorecimento, onde pessoas ligadas ao prefeito, vereadores, amigos e parentes podem ter sido contemplados, em detrimento dos verdadeiros necessitados. O caso est\u00e1 pegando fogo e j\u00e1 explodiu na C\u00e2mara de Vereadores, onde a ciumeira \u00e9 geral. At\u00e9 o &#8216;quero,quero&#8217; Romildo Teixeira j\u00e1 abriu o bico e despejou um monte de acusa\u00e7\u00f5es contra a Secret\u00e1ria do Desenvolvimento Social, denuncianto o &#8216;esquema&#8217;. Mal sabe ele que quem comanda tudo \u00e9 a pr\u00f3pria primeira dama, Cida Moura, que guarda a lista dos contemplados a sete chaves. Ou ser\u00e1 que ele n\u00e3o\u00a0sabe?<\/p>\n","protected":false},"excerpt":{"rendered":"<p>A primeira leva de casinhas construidas para abrigar familias de baixa renda, pelo programa &#8216;Minha Casa, Minha Vida&#8217;, em Itapetinga, est\u00e1 sob suspeita, pois h\u00e1 v\u00e1rias den\u00fancias de favorecimento, onde pessoas ligadas ao prefeito, vereadores, amigos e parentes podem ter sido contemplados, em detrimento dos verdadeiros necessitados. O caso est\u00e1 pegando fogo e j\u00e1 explodiu [&hellip;]<\/p>\n","protected":false},"author":2,"featured_media":0,"comment_status":"open","ping_status":"open","sticky":false,"template":"","format":"standard","meta":{"footnotes":"","_links_to":"","_links_to_target":""},"categories":[11],"tags":[],"class_list":["post-3289","post","type-post","status-publish","format-standard","hentry","category-quentinhas"],"views":1176,"_links":{"self":[{"href":"https:\/\/www.sudoestehoje.com.br\/novoportal\/wp-json\/wp\/v2\/posts\/3289","targetHints":{"allow":["GET"]}}],"collection":[{"href":"https:\/\/www.sudoestehoje.com.br\/novoportal\/wp-json\/wp\/v2\/posts"}],"about":[{"href":"https:\/\/www.sudoestehoje.com.br\/novoportal\/wp-json\/wp\/v2\/types\/post"}],"author":[{"embeddable":true,"href":"https:\/\/www.sudoestehoje.com.br\/novoportal\/wp-json\/wp\/v2\/users\/2"}],"replies":[{"embeddable":true,"href":"https:\/\/www.sudoestehoje.com.br\/novoportal\/wp-json\/wp\/v2\/comments?post=3289"}],"version-history":[{"count":3,"href":"https:\/\/www.sudoestehoje.com.br\/novoportal\/wp-json\/wp\/v2\/posts\/3289\/revisions"}],"predecessor-version":[{"id":3291,"href":"https:\/\/www.sudoestehoje.com.br\/novoportal\/wp-json\/wp\/v2\/posts\/3289\/revisions\/3291"}],"wp:attachment":[{"href":"https:\/\/www.sudoestehoje.com.br\/novoportal\/wp-json\/wp\/v2\/media?parent=3289"}],"wp:term":[{"taxonomy":"category","embeddable":true,"href":"https:\/\/www.sudoestehoje.com.br\/novoportal\/wp-json\/wp\/v2\/categories?post=3289"},{"taxonomy":"post_tag","embeddable":true,"href":"https:\/\/www.sudoestehoje.com.br\/novoportal\/wp-json\/wp\/v2\/tags?post=3289"}],"curies":[{"name":"wp","href":"https:\/\/api.w.org\/{rel}","templated":true}]}}