
{"id":32886,"date":"2013-12-06T18:21:20","date_gmt":"2013-12-06T21:21:20","guid":{"rendered":"http:\/\/www.sudoestehoje.com.br\/novoportal\/?p=32886"},"modified":"2013-12-06T20:06:47","modified_gmt":"2013-12-06T23:06:47","slug":"fonte-nova-sediara-jogos-de-espanha-x-holanda-e-alemanha-x-portugal","status":"publish","type":"post","link":"https:\/\/www.sudoestehoje.com.br\/novoportal\/2013\/12\/06\/fonte-nova-sediara-jogos-de-espanha-x-holanda-e-alemanha-x-portugal\/","title":{"rendered":"FONTE NOVA SEDIAR\u00c1 JOGOS DE ESPANHA X HOLANDA E ALEMANHA X PORTUGAL"},"content":{"rendered":"<div id=\"attachment_32892\" style=\"width: 510px\" class=\"wp-caption aligncenter\"><a href=\"http:\/\/www.sudoestehoje.com.br\/novoportal\/wp-content\/uploads\/2013\/12\/ESPANHA.jpg\"><img decoding=\"async\" aria-describedby=\"caption-attachment-32892\" class=\" wp-image-32892 \" alt=\"A atual campe\u00e3 mundial jogar\u00e1 contra a Holanda na Arena Fonte Nova\" src=\"http:\/\/www.sudoestehoje.com.br\/novoportal\/wp-content\/uploads\/2013\/12\/ESPANHA.jpg\" width=\"500\" \/><\/a><p id=\"caption-attachment-32892\" class=\"wp-caption-text\">Espanha e Holanda repetir\u00e3o a final da copa de 2010, na Arena Fonte Nova, em 2014<\/p><\/div>\n<p>Para quem gosta do bom futebol, Salvador ser\u00e1 o destino ideal na Copa do Mundo de 2014. J\u00e1 com a tabela pr\u00e9-estabelecida, a capital baiana conheceu nesta sexta-feira (6), ap\u00f3s sorteio do grupos, quais sele\u00e7\u00f5es estar\u00e3o em territ\u00f3rio baiano durante o maior torneio do futebol mundial, dentre elas, as duas melhores equipes do ranking da Fifa: Espanha e Alemanha.<\/p>\n<p>Cabe\u00e7a de chave do grupo B, a atual campe\u00e3 do mundo estreia na Arena Fonte Nova no dia 13 de junho, \u00e0s 16h. Ser\u00e1 uma repeti\u00e7\u00e3o da grande decis\u00e3o da \u00faltima Copa. Pela frente, a F\u00faria ter\u00e1 como advers\u00e1ria a Holanda.<\/p>\n<p><a href=\"http:\/\/www.sudoestehoje.com.br\/novoportal\/wp-content\/uploads\/2013\/12\/copa-salvador.png\"><img loading=\"lazy\" decoding=\"async\" class=\"aligncenter size-medium wp-image-32901\" alt=\"copa salvador\" src=\"http:\/\/www.sudoestehoje.com.br\/novoportal\/wp-content\/uploads\/2013\/12\/copa-salvador-500x239.png\" width=\"500\" height=\"239\" srcset=\"https:\/\/www.sudoestehoje.com.br\/novoportal\/wp-content\/uploads\/2013\/12\/copa-salvador-500x239.png 500w, https:\/\/www.sudoestehoje.com.br\/novoportal\/wp-content\/uploads\/2013\/12\/copa-salvador-700x334.png 700w, https:\/\/www.sudoestehoje.com.br\/novoportal\/wp-content\/uploads\/2013\/12\/copa-salvador.png 843w\" sizes=\"auto, (max-width: 500px) 100vw, 500px\" \/><\/a><\/p>\n<p><!--more-->Segunda colocada do atual ranking da Fifa, a Alemanha tamb\u00e9m far\u00e1 a estreia na capital baiana. A partida est\u00e1 agendada para o dia 16 de junho, \u00e0s 13h. Ser\u00e1 mais uma grande partida do mundial em Salvador. O oponente ser\u00e1 a sele\u00e7\u00e3o de Portugal, comandada por um dos melhores jogadores do mundo: Cristiano Ronaldo.<\/p>\n<p>Na primeira fase, a cidade sediar\u00e1 outros dois jogos. Um deles envolve a Sui\u00e7a, cabe\u00e7a de chave do grupo E, em um terceiro duelo envolvendo europeus. Desta vez, os sui\u00e7os enfrentar\u00e3o o carrasco brasileiro, a Fran\u00e7a. O jogo ser\u00e1 em uma sexta-feira, dia 20 de junho, \u00e0s 16h. No quarto jogo em Salvador na primeira fase, dia 25 de junho, a Arena Fonte Nova receber\u00e1 o confronto entre B\u00f3snia e Ir\u00e3, \u00e0s 13h.<\/p>\n","protected":false},"excerpt":{"rendered":"<p>Para quem gosta do bom futebol, Salvador ser\u00e1 o destino ideal na Copa do Mundo de 2014. J\u00e1 com a tabela pr\u00e9-estabelecida, a capital baiana conheceu nesta sexta-feira (6), ap\u00f3s sorteio do grupos, quais sele\u00e7\u00f5es estar\u00e3o em territ\u00f3rio baiano durante o maior torneio do futebol mundial, dentre elas, as duas melhores equipes do ranking da [&hellip;]<\/p>\n","protected":false},"author":2,"featured_media":0,"comment_status":"open","ping_status":"open","sticky":false,"template":"","format":"standard","meta":{"footnotes":"","_links_to":"","_links_to_target":""},"categories":[1],"tags":[],"class_list":["post-32886","post","type-post","status-publish","format-standard","hentry","category-geral"],"views":2629,"_links":{"self":[{"href":"https:\/\/www.sudoestehoje.com.br\/novoportal\/wp-json\/wp\/v2\/posts\/32886","targetHints":{"allow":["GET"]}}],"collection":[{"href":"https:\/\/www.sudoestehoje.com.br\/novoportal\/wp-json\/wp\/v2\/posts"}],"about":[{"href":"https:\/\/www.sudoestehoje.com.br\/novoportal\/wp-json\/wp\/v2\/types\/post"}],"author":[{"embeddable":true,"href":"https:\/\/www.sudoestehoje.com.br\/novoportal\/wp-json\/wp\/v2\/users\/2"}],"replies":[{"embeddable":true,"href":"https:\/\/www.sudoestehoje.com.br\/novoportal\/wp-json\/wp\/v2\/comments?post=32886"}],"version-history":[{"count":9,"href":"https:\/\/www.sudoestehoje.com.br\/novoportal\/wp-json\/wp\/v2\/posts\/32886\/revisions"}],"predecessor-version":[{"id":32902,"href":"https:\/\/www.sudoestehoje.com.br\/novoportal\/wp-json\/wp\/v2\/posts\/32886\/revisions\/32902"}],"wp:attachment":[{"href":"https:\/\/www.sudoestehoje.com.br\/novoportal\/wp-json\/wp\/v2\/media?parent=32886"}],"wp:term":[{"taxonomy":"category","embeddable":true,"href":"https:\/\/www.sudoestehoje.com.br\/novoportal\/wp-json\/wp\/v2\/categories?post=32886"},{"taxonomy":"post_tag","embeddable":true,"href":"https:\/\/www.sudoestehoje.com.br\/novoportal\/wp-json\/wp\/v2\/tags?post=32886"}],"curies":[{"name":"wp","href":"https:\/\/api.w.org\/{rel}","templated":true}]}}