
{"id":32716,"date":"2013-12-02T13:34:40","date_gmt":"2013-12-02T16:34:40","guid":{"rendered":"http:\/\/www.sudoestehoje.com.br\/novoportal\/?p=32716"},"modified":"2013-12-02T13:37:21","modified_gmt":"2013-12-02T16:37:21","slug":"morre-marcelo-deda-governado-do-estado-de-sergipe","status":"publish","type":"post","link":"https:\/\/www.sudoestehoje.com.br\/novoportal\/2013\/12\/02\/morre-marcelo-deda-governado-do-estado-de-sergipe\/","title":{"rendered":"MORRE MARCELO DEDA, GOVERNADOR DO ESTADO DE SERGIPE"},"content":{"rendered":"<p><a href=\"http:\/\/www.sudoestehoje.com.br\/novoportal\/wp-content\/uploads\/2013\/12\/DEDA-1.jpg\"><img loading=\"lazy\" decoding=\"async\" class=\"aligncenter size-full wp-image-32717\" alt=\"Marcelo Deda\" src=\"http:\/\/www.sudoestehoje.com.br\/novoportal\/wp-content\/uploads\/2013\/12\/DEDA-1.jpg\" width=\"494\" height=\"370\" \/><\/a><\/p>\n<p>O governador licenciado de Sergipe, Marcelo D\u00e9da (PT), morreu na madrugada desta segunda-feira (2). O petista estava internado\u00a0no Hospital S\u00edrio-Liban\u00eas, que informou seu falecimento \u00e0s 4h45. D\u00e9da tinha 53 anos. Um c\u00e2ncer em seu est\u00f4mago foi diagnosticado em 2012. Segundo o Estad\u00e3o, desde maio deste ano, ele estava internado para tratamento. A fam\u00edlia postou uma mensagem no Twitter do governador. &#8220;O c\u00e9u acaba de ganhar mais uma estrela. Marcelo D\u00e9da voou &#8216;nas asas da quimera&#8217;. Paz e bem\u201d.<\/p>\n","protected":false},"excerpt":{"rendered":"<p>O governador licenciado de Sergipe, Marcelo D\u00e9da (PT), morreu na madrugada desta segunda-feira (2). O petista estava internado\u00a0no Hospital S\u00edrio-Liban\u00eas, que informou seu falecimento \u00e0s 4h45. D\u00e9da tinha 53 anos. Um c\u00e2ncer em seu est\u00f4mago foi diagnosticado em 2012. Segundo o Estad\u00e3o, desde maio deste ano, ele estava internado para tratamento. A fam\u00edlia postou uma [&hellip;]<\/p>\n","protected":false},"author":2,"featured_media":0,"comment_status":"open","ping_status":"open","sticky":false,"template":"","format":"standard","meta":{"footnotes":"","_links_to":"","_links_to_target":""},"categories":[1],"tags":[],"class_list":["post-32716","post","type-post","status-publish","format-standard","hentry","category-geral"],"views":1252,"_links":{"self":[{"href":"https:\/\/www.sudoestehoje.com.br\/novoportal\/wp-json\/wp\/v2\/posts\/32716","targetHints":{"allow":["GET"]}}],"collection":[{"href":"https:\/\/www.sudoestehoje.com.br\/novoportal\/wp-json\/wp\/v2\/posts"}],"about":[{"href":"https:\/\/www.sudoestehoje.com.br\/novoportal\/wp-json\/wp\/v2\/types\/post"}],"author":[{"embeddable":true,"href":"https:\/\/www.sudoestehoje.com.br\/novoportal\/wp-json\/wp\/v2\/users\/2"}],"replies":[{"embeddable":true,"href":"https:\/\/www.sudoestehoje.com.br\/novoportal\/wp-json\/wp\/v2\/comments?post=32716"}],"version-history":[{"count":2,"href":"https:\/\/www.sudoestehoje.com.br\/novoportal\/wp-json\/wp\/v2\/posts\/32716\/revisions"}],"predecessor-version":[{"id":32719,"href":"https:\/\/www.sudoestehoje.com.br\/novoportal\/wp-json\/wp\/v2\/posts\/32716\/revisions\/32719"}],"wp:attachment":[{"href":"https:\/\/www.sudoestehoje.com.br\/novoportal\/wp-json\/wp\/v2\/media?parent=32716"}],"wp:term":[{"taxonomy":"category","embeddable":true,"href":"https:\/\/www.sudoestehoje.com.br\/novoportal\/wp-json\/wp\/v2\/categories?post=32716"},{"taxonomy":"post_tag","embeddable":true,"href":"https:\/\/www.sudoestehoje.com.br\/novoportal\/wp-json\/wp\/v2\/tags?post=32716"}],"curies":[{"name":"wp","href":"https:\/\/api.w.org\/{rel}","templated":true}]}}