
{"id":32705,"date":"2013-12-02T13:36:18","date_gmt":"2013-12-02T16:36:18","guid":{"rendered":"http:\/\/www.sudoestehoje.com.br\/novoportal\/?p=32705"},"modified":"2013-12-02T13:36:36","modified_gmt":"2013-12-02T16:36:36","slug":"dirigentes-do-pt-de-itapetinga-tomam-posse-em-salvador","status":"publish","type":"post","link":"https:\/\/www.sudoestehoje.com.br\/novoportal\/2013\/12\/02\/dirigentes-do-pt-de-itapetinga-tomam-posse-em-salvador\/","title":{"rendered":"DIRIGENTES DO PT DE ITAPETINGA TOMAM POSSE EM SALVADOR"},"content":{"rendered":"<p><a href=\"http:\/\/www.sudoestehoje.com.br\/novoportal\/wp-content\/uploads\/2013\/12\/rio-1029.jpg\"><img loading=\"lazy\" decoding=\"async\" class=\"aligncenter size-medium wp-image-32706\" alt=\"rio 1029\" src=\"http:\/\/www.sudoestehoje.com.br\/novoportal\/wp-content\/uploads\/2013\/12\/rio-1029-500x375.jpg\" width=\"500\" height=\"375\" srcset=\"https:\/\/www.sudoestehoje.com.br\/novoportal\/wp-content\/uploads\/2013\/12\/rio-1029-500x375.jpg 500w, https:\/\/www.sudoestehoje.com.br\/novoportal\/wp-content\/uploads\/2013\/12\/rio-1029.jpg 640w\" sizes=\"auto, (max-width: 500px) 100vw, 500px\" \/><\/a><\/p>\n<p>Aconteceu no \u00faltimo s\u00e1bado(30) no\u00a0 Hotel Fiesta em Salvador, a posse dos novos dirigentes do Partido dos Trabalhadores-PT, eleitos em todo o Estado. O Evento teve como objetivo central, dar posse ao novo presidente estadual da legenda, Everaldo Anuncia\u00e7\u00e3o, eleito no \u00faltimo PED\u2013Processo de Elei\u00e7\u00e3o Direta.<\/p>\n<p>A festa de posse petista atraiu caravanas vindas das mais diversas regi\u00f5es do Estado, inclusive de Itapetinga, onde v\u00e1rios petistas locais se deslocaram para capital. Nessa atividade, foi realizada uma posse simb\u00f3lica de todos os presidentes eleitos nos munic\u00edpios baianos.<\/p>\n<p><a href=\"http:\/\/www.sudoestehoje.com.br\/novoportal\/wp-content\/uploads\/2013\/12\/rio-1028.jpg\"><img loading=\"lazy\" decoding=\"async\" class=\"aligncenter size-medium wp-image-32707\" alt=\"rio 1028\" src=\"http:\/\/www.sudoestehoje.com.br\/novoportal\/wp-content\/uploads\/2013\/12\/rio-1028-500x375.jpg\" width=\"500\" height=\"375\" srcset=\"https:\/\/www.sudoestehoje.com.br\/novoportal\/wp-content\/uploads\/2013\/12\/rio-1028-500x375.jpg 500w, https:\/\/www.sudoestehoje.com.br\/novoportal\/wp-content\/uploads\/2013\/12\/rio-1028.jpg 640w\" sizes=\"auto, (max-width: 500px) 100vw, 500px\" \/><\/a><\/p>\n<p>O Sindicalista James Santos, eleito presidente do PT de Itapetinga, marcou presen\u00e7a e tamb\u00e9m participou do ato de posse. O Evento, serviu tamb\u00e9m para apresentar o candidato petista ao governo do estado, que havia sido escolhido pelo diret\u00f3rio no dia anterior.<\/p>\n<p>O Secret\u00e1rio da Casa Civil, Rui Costa, foi apresentado pelo presidente do partido com o candidato petista para o pleito de 2014.\u00a0 Este ato contou com a presen\u00e7a da maioria dos parlamentares , prefeitos e secret\u00e1rios do PT. O governador Jaques Wagner marcou presen\u00e7a e falou da import\u00e2ncia da unidade do partido para a disputa do ano que vem.<\/p>\n<p><a href=\"http:\/\/www.sudoestehoje.com.br\/novoportal\/wp-content\/uploads\/2013\/12\/rio-1011.jpg\"><img loading=\"lazy\" decoding=\"async\" class=\"aligncenter size-medium wp-image-32708\" alt=\"rio 1011\" src=\"http:\/\/www.sudoestehoje.com.br\/novoportal\/wp-content\/uploads\/2013\/12\/rio-1011-500x375.jpg\" width=\"500\" height=\"375\" srcset=\"https:\/\/www.sudoestehoje.com.br\/novoportal\/wp-content\/uploads\/2013\/12\/rio-1011-500x375.jpg 500w, https:\/\/www.sudoestehoje.com.br\/novoportal\/wp-content\/uploads\/2013\/12\/rio-1011.jpg 640w\" sizes=\"auto, (max-width: 500px) 100vw, 500px\" \/><\/a><\/p>\n<p>Os petistas de Itapetinga informaram que esse evento n\u00e3o anula os eventos de posse em cada um dos diret\u00f3rios no interior do Estado e j\u00e1 planejam um grande evento para o pr\u00f3ximo m\u00eas, onde acontecer\u00e1 a posse dos novos dirigentes locais. &#8220;Nesse ato, pretendemos reunir toda nossa milit\u00e2ncia os companheiros dos partidos aliados e todos aqueles que desejam iniciar um novo momento na pol\u00edtica de nossa cidade&#8221;, declararam os petistas.<\/p>\n<p><strong><em>Sudoeste Hoje<\/em><\/strong><\/p>\n","protected":false},"excerpt":{"rendered":"<p>Aconteceu no \u00faltimo s\u00e1bado(30) no\u00a0 Hotel Fiesta em Salvador, a posse dos novos dirigentes do Partido dos Trabalhadores-PT, eleitos em todo o Estado. O Evento teve como objetivo central, dar posse ao novo presidente estadual da legenda, Everaldo Anuncia\u00e7\u00e3o, eleito no \u00faltimo PED\u2013Processo de Elei\u00e7\u00e3o Direta. A festa de posse petista atraiu caravanas vindas das [&hellip;]<\/p>\n","protected":false},"author":2,"featured_media":0,"comment_status":"open","ping_status":"open","sticky":false,"template":"","format":"standard","meta":{"footnotes":"","_links_to":"","_links_to_target":""},"categories":[1],"tags":[],"class_list":["post-32705","post","type-post","status-publish","format-standard","hentry","category-geral"],"views":1360,"_links":{"self":[{"href":"https:\/\/www.sudoestehoje.com.br\/novoportal\/wp-json\/wp\/v2\/posts\/32705","targetHints":{"allow":["GET"]}}],"collection":[{"href":"https:\/\/www.sudoestehoje.com.br\/novoportal\/wp-json\/wp\/v2\/posts"}],"about":[{"href":"https:\/\/www.sudoestehoje.com.br\/novoportal\/wp-json\/wp\/v2\/types\/post"}],"author":[{"embeddable":true,"href":"https:\/\/www.sudoestehoje.com.br\/novoportal\/wp-json\/wp\/v2\/users\/2"}],"replies":[{"embeddable":true,"href":"https:\/\/www.sudoestehoje.com.br\/novoportal\/wp-json\/wp\/v2\/comments?post=32705"}],"version-history":[{"count":4,"href":"https:\/\/www.sudoestehoje.com.br\/novoportal\/wp-json\/wp\/v2\/posts\/32705\/revisions"}],"predecessor-version":[{"id":32712,"href":"https:\/\/www.sudoestehoje.com.br\/novoportal\/wp-json\/wp\/v2\/posts\/32705\/revisions\/32712"}],"wp:attachment":[{"href":"https:\/\/www.sudoestehoje.com.br\/novoportal\/wp-json\/wp\/v2\/media?parent=32705"}],"wp:term":[{"taxonomy":"category","embeddable":true,"href":"https:\/\/www.sudoestehoje.com.br\/novoportal\/wp-json\/wp\/v2\/categories?post=32705"},{"taxonomy":"post_tag","embeddable":true,"href":"https:\/\/www.sudoestehoje.com.br\/novoportal\/wp-json\/wp\/v2\/tags?post=32705"}],"curies":[{"name":"wp","href":"https:\/\/api.w.org\/{rel}","templated":true}]}}