
{"id":32673,"date":"2013-11-30T21:52:33","date_gmt":"2013-12-01T00:52:33","guid":{"rendered":"http:\/\/www.sudoestehoje.com.br\/novoportal\/?p=32673"},"modified":"2013-11-30T21:52:33","modified_gmt":"2013-12-01T00:52:33","slug":"mpf-pede-que-lula-seja-julgado-por-improbidade-administrativa","status":"publish","type":"post","link":"https:\/\/www.sudoestehoje.com.br\/novoportal\/2013\/11\/30\/mpf-pede-que-lula-seja-julgado-por-improbidade-administrativa\/","title":{"rendered":"MPF PEDE QUE LULA SEJA JULGADO POR IMPROBIDADE ADMINISTRATIVA"},"content":{"rendered":"<p style=\"text-align: center;\"><a href=\"http:\/\/www.sudoestehoje.com.br\/novoportal\/wp-content\/uploads\/2013\/11\/LULA.jpg\"><img decoding=\"async\" class=\"aligncenter  wp-image-32675\" alt=\"LULA\" src=\"http:\/\/www.sudoestehoje.com.br\/novoportal\/wp-content\/uploads\/2013\/11\/LULA.jpg\" width=\"450\" \/><\/a><\/p>\n<p>O Minist\u00e9rio P\u00fablico Federal fez um pedido para que uma a\u00e7\u00e3o de improbidade administrativa contra o ex-presidente Lula seja julgada pela primeira inst\u00e2ncia da Justi\u00e7a Federal. Tamb\u00e9m \u00e9 r\u00e9u no caso o ex-ministro da Previd\u00eancia Amir Lando. A a\u00e7\u00e3o pede a devolu\u00e7\u00e3o de R$ 9,5 milh\u00f5es para os cofres p\u00fablicos.<\/p>\n<p>O parecer faz parte de uma apela\u00e7\u00e3o do MPF contra uma decis\u00e3o de um juiz de primeira inst\u00e2ncia. O caso come\u00e7ou em 2011, quando o Minist\u00e9rio entrou com a a\u00e7\u00e3o contra Lula e Lando.<\/p>\n<p>Eles eram acusados de uso da m\u00e1quina p\u00fablica para realizar promo\u00e7\u00e3o pessoal e favorecer o banco BMG, envolvido no esquema do mensal\u00e3o, pelo envio de 10,6 milh\u00f5es de cartas a segurados do INSS de outubro a dezembro de 2004.<!--more--><\/p>\n<p>Segundo a Procuradoria, as cartas assinadas por Lula e Lando informavam sobre empr\u00e9stimos consignados com taxas de juros reduzidas. \u00c0 \u00e9poca, o BMG era o \u00fanico banco privado que oferecia esse empr\u00e9stimo, segundo a acusa\u00e7\u00e3o.<\/p>\n<p>Em novembro de 2012, O juiz Paulo Cesar Lopes, da 13\u00aa Vara da Justi\u00e7a Federal do Distrito Federal, extinguiu a a\u00e7\u00e3o por um erro t\u00e9cnico, sem julgar o m\u00e9rito. Segundo o magistrado, o Minist\u00e9rio P\u00fablico somente poderia ter processado Lula durante o mandato &#8212; e por meio de outra a\u00e7\u00e3o, a de crime de responsabilidade.<\/p>\n<p>Por isso, o MPF recorreu ao Tribunal Regional Federal da 1\u00aa Regi\u00e3o, em Bras\u00edlia. O novo parecer, enviado na quarta-feira (27), \u00e9 assinado pelo promotor Marcelo Ant\u00f4nio Cear\u00e1 Serra Azul. Ele n\u00e3o entra no m\u00e9rito da quest\u00e3o &#8212; se Lula e Lando s\u00e3o ou n\u00e3o culpados &#8212; mas defende que a a\u00e7\u00e3o proposta est\u00e1 correta e pede que o tribunal obrigue a primeira inst\u00e2ncia a aceit\u00e1-la. O caso agora est\u00e1 com o desembargador I&#8217;Talo Fioravanti Sabo Mendes. Ainda n\u00e3o h\u00e1 data para uma decis\u00e3o. Folha<\/p>\n","protected":false},"excerpt":{"rendered":"<p>O Minist\u00e9rio P\u00fablico Federal fez um pedido para que uma a\u00e7\u00e3o de improbidade administrativa contra o ex-presidente Lula seja julgada pela primeira inst\u00e2ncia da Justi\u00e7a Federal. Tamb\u00e9m \u00e9 r\u00e9u no caso o ex-ministro da Previd\u00eancia Amir Lando. A a\u00e7\u00e3o pede a devolu\u00e7\u00e3o de R$ 9,5 milh\u00f5es para os cofres p\u00fablicos. O parecer faz parte de [&hellip;]<\/p>\n","protected":false},"author":2,"featured_media":0,"comment_status":"open","ping_status":"open","sticky":false,"template":"","format":"standard","meta":{"footnotes":"","_links_to":"","_links_to_target":""},"categories":[1],"tags":[],"class_list":["post-32673","post","type-post","status-publish","format-standard","hentry","category-geral"],"views":1364,"_links":{"self":[{"href":"https:\/\/www.sudoestehoje.com.br\/novoportal\/wp-json\/wp\/v2\/posts\/32673","targetHints":{"allow":["GET"]}}],"collection":[{"href":"https:\/\/www.sudoestehoje.com.br\/novoportal\/wp-json\/wp\/v2\/posts"}],"about":[{"href":"https:\/\/www.sudoestehoje.com.br\/novoportal\/wp-json\/wp\/v2\/types\/post"}],"author":[{"embeddable":true,"href":"https:\/\/www.sudoestehoje.com.br\/novoportal\/wp-json\/wp\/v2\/users\/2"}],"replies":[{"embeddable":true,"href":"https:\/\/www.sudoestehoje.com.br\/novoportal\/wp-json\/wp\/v2\/comments?post=32673"}],"version-history":[{"count":3,"href":"https:\/\/www.sudoestehoje.com.br\/novoportal\/wp-json\/wp\/v2\/posts\/32673\/revisions"}],"predecessor-version":[{"id":32677,"href":"https:\/\/www.sudoestehoje.com.br\/novoportal\/wp-json\/wp\/v2\/posts\/32673\/revisions\/32677"}],"wp:attachment":[{"href":"https:\/\/www.sudoestehoje.com.br\/novoportal\/wp-json\/wp\/v2\/media?parent=32673"}],"wp:term":[{"taxonomy":"category","embeddable":true,"href":"https:\/\/www.sudoestehoje.com.br\/novoportal\/wp-json\/wp\/v2\/categories?post=32673"},{"taxonomy":"post_tag","embeddable":true,"href":"https:\/\/www.sudoestehoje.com.br\/novoportal\/wp-json\/wp\/v2\/tags?post=32673"}],"curies":[{"name":"wp","href":"https:\/\/api.w.org\/{rel}","templated":true}]}}