
{"id":32655,"date":"2013-11-30T20:14:37","date_gmt":"2013-11-30T23:14:37","guid":{"rendered":"http:\/\/www.sudoestehoje.com.br\/novoportal\/?p=32655"},"modified":"2013-11-30T20:19:40","modified_gmt":"2013-11-30T23:19:40","slug":"32655","status":"publish","type":"post","link":"https:\/\/www.sudoestehoje.com.br\/novoportal\/2013\/11\/30\/32655\/","title":{"rendered":"DEPUTADO DANIEL ALMEIDA VISITA HOSPITAL CRISTO REDENTOR\/FJS"},"content":{"rendered":"<div id=\"attachment_32656\" style=\"width: 460px\" class=\"wp-caption aligncenter\"><a href=\"http:\/\/www.sudoestehoje.com.br\/novoportal\/wp-content\/uploads\/2013\/11\/daniel1.jpg\"><img decoding=\"async\" aria-describedby=\"caption-attachment-32656\" class=\" wp-image-32656 \" alt=\"Foto C\u00e9sar Soares\" src=\"http:\/\/www.sudoestehoje.com.br\/novoportal\/wp-content\/uploads\/2013\/11\/daniel1.jpg\" width=\"450\" \/><\/a><p id=\"caption-attachment-32656\" class=\"wp-caption-text\">Foto C\u00e9sar Soares<\/p><\/div>\n<p>Em visita ao munic\u00edpio de Itapetinga nesta sexta-feira (29), o deputado federal Daniel Almeida (PC do B) esteve no Hospital Cristo Redentor\/Funda\u00e7\u00e3o Jos\u00e9 Silveira acompanhado dos comunistas itapetinguenses Gilson de Jesus e Jerisvaldo Pereira.<\/p>\n<p style=\"text-align: center;\"><a href=\"http:\/\/www.sudoestehoje.com.br\/novoportal\/wp-content\/uploads\/2013\/11\/HCR.jpg\"><img decoding=\"async\" class=\"aligncenter  wp-image-32659\" alt=\"HCR\" src=\"http:\/\/www.sudoestehoje.com.br\/novoportal\/wp-content\/uploads\/2013\/11\/HCR.jpg\" width=\"450\" \/><\/a><\/p>\n<p>O deputado foi recepcionado pelo coordenador geral da Funda\u00e7\u00e3o Jos\u00e9 Silveira em Itapetinga, Dr. Leonardo Matos e pelo diretor m\u00e9dico Dr. Reinaldo Silva que apresentou as novas instala\u00e7\u00f5es da Santa Casa, incluindo os nove Leitos de UTI e os leitos do SUS que foram totalmente reformados. Do Tribuna de Itapetinga<\/p>\n","protected":false},"excerpt":{"rendered":"<p>Em visita ao munic\u00edpio de Itapetinga nesta sexta-feira (29), o deputado federal Daniel Almeida (PC do B) esteve no Hospital Cristo Redentor\/Funda\u00e7\u00e3o Jos\u00e9 Silveira acompanhado dos comunistas itapetinguenses Gilson de Jesus e Jerisvaldo Pereira. O deputado foi recepcionado pelo coordenador geral da Funda\u00e7\u00e3o Jos\u00e9 Silveira em Itapetinga, Dr. Leonardo Matos e pelo diretor m\u00e9dico Dr. [&hellip;]<\/p>\n","protected":false},"author":2,"featured_media":0,"comment_status":"open","ping_status":"open","sticky":false,"template":"","format":"standard","meta":{"footnotes":"","_links_to":"","_links_to_target":""},"categories":[1],"tags":[],"class_list":["post-32655","post","type-post","status-publish","format-standard","hentry","category-geral"],"views":1528,"_links":{"self":[{"href":"https:\/\/www.sudoestehoje.com.br\/novoportal\/wp-json\/wp\/v2\/posts\/32655","targetHints":{"allow":["GET"]}}],"collection":[{"href":"https:\/\/www.sudoestehoje.com.br\/novoportal\/wp-json\/wp\/v2\/posts"}],"about":[{"href":"https:\/\/www.sudoestehoje.com.br\/novoportal\/wp-json\/wp\/v2\/types\/post"}],"author":[{"embeddable":true,"href":"https:\/\/www.sudoestehoje.com.br\/novoportal\/wp-json\/wp\/v2\/users\/2"}],"replies":[{"embeddable":true,"href":"https:\/\/www.sudoestehoje.com.br\/novoportal\/wp-json\/wp\/v2\/comments?post=32655"}],"version-history":[{"count":5,"href":"https:\/\/www.sudoestehoje.com.br\/novoportal\/wp-json\/wp\/v2\/posts\/32655\/revisions"}],"predecessor-version":[{"id":32662,"href":"https:\/\/www.sudoestehoje.com.br\/novoportal\/wp-json\/wp\/v2\/posts\/32655\/revisions\/32662"}],"wp:attachment":[{"href":"https:\/\/www.sudoestehoje.com.br\/novoportal\/wp-json\/wp\/v2\/media?parent=32655"}],"wp:term":[{"taxonomy":"category","embeddable":true,"href":"https:\/\/www.sudoestehoje.com.br\/novoportal\/wp-json\/wp\/v2\/categories?post=32655"},{"taxonomy":"post_tag","embeddable":true,"href":"https:\/\/www.sudoestehoje.com.br\/novoportal\/wp-json\/wp\/v2\/tags?post=32655"}],"curies":[{"name":"wp","href":"https:\/\/api.w.org\/{rel}","templated":true}]}}