
{"id":3265,"date":"2011-01-28T14:32:29","date_gmt":"2011-01-28T17:32:29","guid":{"rendered":"http:\/\/www.sudoestehoje.com.br\/novoportal\/?p=3265"},"modified":"2011-01-28T14:40:44","modified_gmt":"2011-01-28T17:40:44","slug":"andre-dantas-fora-do-governo-ze-carlos","status":"publish","type":"post","link":"https:\/\/www.sudoestehoje.com.br\/novoportal\/2011\/01\/28\/andre-dantas-fora-do-governo-ze-carlos\/","title":{"rendered":"ANDR\u00c9 DANTAS FORA DO GOVERNO Z\u00c9 CARLOS"},"content":{"rendered":"<p style=\"text-align: center;\"><img decoding=\"async\" class=\"aligncenter\" src=\"http:\/\/2.bp.blogspot.com\/_222h-6TXKIA\/TNfoehGYafI\/AAAAAAAAFps\/UW7_LsIJ9Vs\/s320\/DSC_0242.JPG\" alt=\"\" \/><\/p>\n<p style=\"text-align: center;\"><strong>Andr\u00e9\u00a0\u00e9 mais um petista hist\u00f3rico\u00a0a deixar o governo Z\u00e9 Carlos<\/strong><\/p>\n<p>\u00a0<\/p>\n<p>ITAPETINGA:\u00a0 Parece que a\u00a0boataria em torno da iminente\u00a0sa\u00edda do petista Andr\u00e9 Dantas, da Secret\u00e1ria Municipal de Planejamento, vai mesmo se confirmar. A informa\u00e7\u00e3o nos foi passada por fonte fidedigna, ligada ao PT, confirmando que Andr\u00e9 est\u00e1 extremamente insatisfeito com\u00a0a falta de apoio\u00a0\u00e0 sua secretaria, pela c\u00fapula dominante\u00a0do governo municipal.<\/p>\n<p>Al\u00e9m do desgaste que vem sofrendo, em decorr\u00eancia da falta de apoio, Andr\u00e9\u00a0tem se queixado bastante do secret\u00e1rio da fazenda, Zen\u00f3bio Cirqueira, e do Assessor Especial, Israel Miranda, que boicotam o seu trabalho e diminuem os espa\u00e7os dos petistas dentro da administra\u00e7\u00e3o\u00a0municipal.<\/p>\n<p>Segundo a mesma fonte, o\u00a0prefeito Z\u00e9 Carlos at\u00e9 que admira o trabalho de Andr\u00e9 Dantas, mas\u00a0n\u00e3o tem for\u00e7a pol\u00edtica suficiente para mant\u00ea-lo na\u00a0sua equipe, com receio de desagradar\u00a0Zen\u00f3bio e Israel, que dominam a administra\u00e7\u00e3o e\u00a0querem a cabe\u00e7a de Andr\u00e9, a qualquer custo.<\/p>\n<p>Andr\u00e9 Dantas dever\u00e1 pedir exonera\u00e7\u00e3o da Secretaria de Planejamento a qualquer momento, provavelmente no in\u00edcio da pr\u00f3xima semana. Nossa reportagem n\u00e3o conseguiu contato com o secret\u00e1rio para confirmar, ou n\u00e3o, a veracidade\u00a0desta informa\u00e7\u00e3o, nem a possibilidade do PT\u00a0 &#8216;aut\u00eantico&#8217; vir a indicar o seu substituto.<\/p>\n<p>Vale lembrar que Andr\u00e9 Dantas tem forte liga\u00e7\u00e3o com os deputados petistas Rosemberg Pinto e Geraldo Sim\u00f5es e foi o\u00a0principal respons\u00e1vel pela filia\u00e7\u00e3o de Z\u00e9 Carlos ao PT, em 2007.<\/p>\n<p><strong>Por DAVI FERRAZ<\/strong><\/p>\n","protected":false},"excerpt":{"rendered":"<p>Andr\u00e9\u00a0\u00e9 mais um petista hist\u00f3rico\u00a0a deixar o governo Z\u00e9 Carlos \u00a0 ITAPETINGA:\u00a0 Parece que a\u00a0boataria em torno da iminente\u00a0sa\u00edda do petista Andr\u00e9 Dantas, da Secret\u00e1ria Municipal de Planejamento, vai mesmo se confirmar. A informa\u00e7\u00e3o nos foi passada por fonte fidedigna, ligada ao PT, confirmando que Andr\u00e9 est\u00e1 extremamente insatisfeito com\u00a0a falta de apoio\u00a0\u00e0 sua secretaria, [&hellip;]<\/p>\n","protected":false},"author":2,"featured_media":0,"comment_status":"open","ping_status":"open","sticky":false,"template":"","format":"standard","meta":{"footnotes":"","_links_to":"","_links_to_target":""},"categories":[1],"tags":[],"class_list":["post-3265","post","type-post","status-publish","format-standard","hentry","category-geral"],"views":1456,"_links":{"self":[{"href":"https:\/\/www.sudoestehoje.com.br\/novoportal\/wp-json\/wp\/v2\/posts\/3265","targetHints":{"allow":["GET"]}}],"collection":[{"href":"https:\/\/www.sudoestehoje.com.br\/novoportal\/wp-json\/wp\/v2\/posts"}],"about":[{"href":"https:\/\/www.sudoestehoje.com.br\/novoportal\/wp-json\/wp\/v2\/types\/post"}],"author":[{"embeddable":true,"href":"https:\/\/www.sudoestehoje.com.br\/novoportal\/wp-json\/wp\/v2\/users\/2"}],"replies":[{"embeddable":true,"href":"https:\/\/www.sudoestehoje.com.br\/novoportal\/wp-json\/wp\/v2\/comments?post=3265"}],"version-history":[{"count":4,"href":"https:\/\/www.sudoestehoje.com.br\/novoportal\/wp-json\/wp\/v2\/posts\/3265\/revisions"}],"predecessor-version":[{"id":3268,"href":"https:\/\/www.sudoestehoje.com.br\/novoportal\/wp-json\/wp\/v2\/posts\/3265\/revisions\/3268"}],"wp:attachment":[{"href":"https:\/\/www.sudoestehoje.com.br\/novoportal\/wp-json\/wp\/v2\/media?parent=3265"}],"wp:term":[{"taxonomy":"category","embeddable":true,"href":"https:\/\/www.sudoestehoje.com.br\/novoportal\/wp-json\/wp\/v2\/categories?post=3265"},{"taxonomy":"post_tag","embeddable":true,"href":"https:\/\/www.sudoestehoje.com.br\/novoportal\/wp-json\/wp\/v2\/tags?post=3265"}],"curies":[{"name":"wp","href":"https:\/\/api.w.org\/{rel}","templated":true}]}}