
{"id":32576,"date":"2013-11-27T18:14:20","date_gmt":"2013-11-27T21:14:20","guid":{"rendered":"http:\/\/www.sudoestehoje.com.br\/novoportal\/?p=32576"},"modified":"2013-11-27T18:14:37","modified_gmt":"2013-11-27T21:14:37","slug":"pare-da-estrutura-do-itaquerao-desaba-e-mata-dois-operarios","status":"publish","type":"post","link":"https:\/\/www.sudoestehoje.com.br\/novoportal\/2013\/11\/27\/pare-da-estrutura-do-itaquerao-desaba-e-mata-dois-operarios\/","title":{"rendered":"PARTE DA ESTRUTURA DO &#8220;ITAQUER\u00c3O&#8221; DESABA E MATA DOIS OPER\u00c1RIOS"},"content":{"rendered":"<p><a href=\"http:\/\/www.sudoestehoje.com.br\/novoportal\/wp-content\/uploads\/2013\/11\/Queda-guindaste-Itaquerao-16-IVAN-size-598.jpg\"><img loading=\"lazy\" decoding=\"async\" class=\"aligncenter size-medium wp-image-32577\" alt=\"Queda-guindaste-Itaquerao-16-IVAN-size-598\" src=\"http:\/\/www.sudoestehoje.com.br\/novoportal\/wp-content\/uploads\/2013\/11\/Queda-guindaste-Itaquerao-16-IVAN-size-598-500x281.jpg\" width=\"500\" height=\"281\" srcset=\"https:\/\/www.sudoestehoje.com.br\/novoportal\/wp-content\/uploads\/2013\/11\/Queda-guindaste-Itaquerao-16-IVAN-size-598-500x281.jpg 500w, https:\/\/www.sudoestehoje.com.br\/novoportal\/wp-content\/uploads\/2013\/11\/Queda-guindaste-Itaquerao-16-IVAN-size-598.jpg 597w\" sizes=\"auto, (max-width: 500px) 100vw, 500px\" \/><\/a><\/p>\n<p>Um acidente destruiu parte da estrutura do Itaquer\u00e3o, est\u00e1dio que receber\u00e1 o jogo de abertura da Copa do Mundo de 2014, nesta quarta-feira. Parte da cobertura met\u00e1lica do est\u00e1dio, localizado na Zona Leste de S\u00e3o Paulo,\u00a0desabou, resultado da queda de um guindaste em um dos lados da arena, atingindo o painel de led que cobre toda a parte externa desse setor.<\/p>\n<p>H\u00e1 pelo menos duas mortes confirmadas pelos bombeiros e Defesa Civil &#8211; as v\u00edtimas identificadas s\u00e3o\u00a0F\u00e1bio Luiz Pereira, de 42 anos,\u00a0e Ronaldo Oliveira dos Santos, de 44.<\/p>\n<p>Segundo informa\u00e7\u00f5es preliminares divulgadas pelo Corpo de Bombeiros, pelo menos quatro ambul\u00e2ncias e um carro da corpora\u00e7\u00e3o estavam ao lado do est\u00e1dio no momento do acidente. O ex-presidente corintiano Andr\u00e9s Sanchez, encarregado\u00a0pela condu\u00e7\u00e3o do projeto, tamb\u00e9m estava no local.<\/p>\n","protected":false},"excerpt":{"rendered":"<p>Um acidente destruiu parte da estrutura do Itaquer\u00e3o, est\u00e1dio que receber\u00e1 o jogo de abertura da Copa do Mundo de 2014, nesta quarta-feira. Parte da cobertura met\u00e1lica do est\u00e1dio, localizado na Zona Leste de S\u00e3o Paulo,\u00a0desabou, resultado da queda de um guindaste em um dos lados da arena, atingindo o painel de led que cobre [&hellip;]<\/p>\n","protected":false},"author":2,"featured_media":0,"comment_status":"open","ping_status":"open","sticky":false,"template":"","format":"standard","meta":{"footnotes":"","_links_to":"","_links_to_target":""},"categories":[1],"tags":[],"class_list":["post-32576","post","type-post","status-publish","format-standard","hentry","category-geral"],"views":1246,"_links":{"self":[{"href":"https:\/\/www.sudoestehoje.com.br\/novoportal\/wp-json\/wp\/v2\/posts\/32576","targetHints":{"allow":["GET"]}}],"collection":[{"href":"https:\/\/www.sudoestehoje.com.br\/novoportal\/wp-json\/wp\/v2\/posts"}],"about":[{"href":"https:\/\/www.sudoestehoje.com.br\/novoportal\/wp-json\/wp\/v2\/types\/post"}],"author":[{"embeddable":true,"href":"https:\/\/www.sudoestehoje.com.br\/novoportal\/wp-json\/wp\/v2\/users\/2"}],"replies":[{"embeddable":true,"href":"https:\/\/www.sudoestehoje.com.br\/novoportal\/wp-json\/wp\/v2\/comments?post=32576"}],"version-history":[{"count":2,"href":"https:\/\/www.sudoestehoje.com.br\/novoportal\/wp-json\/wp\/v2\/posts\/32576\/revisions"}],"predecessor-version":[{"id":32579,"href":"https:\/\/www.sudoestehoje.com.br\/novoportal\/wp-json\/wp\/v2\/posts\/32576\/revisions\/32579"}],"wp:attachment":[{"href":"https:\/\/www.sudoestehoje.com.br\/novoportal\/wp-json\/wp\/v2\/media?parent=32576"}],"wp:term":[{"taxonomy":"category","embeddable":true,"href":"https:\/\/www.sudoestehoje.com.br\/novoportal\/wp-json\/wp\/v2\/categories?post=32576"},{"taxonomy":"post_tag","embeddable":true,"href":"https:\/\/www.sudoestehoje.com.br\/novoportal\/wp-json\/wp\/v2\/tags?post=32576"}],"curies":[{"name":"wp","href":"https:\/\/api.w.org\/{rel}","templated":true}]}}