
{"id":32555,"date":"2013-11-27T13:09:52","date_gmt":"2013-11-27T16:09:52","guid":{"rendered":"http:\/\/www.sudoestehoje.com.br\/novoportal\/?p=32555"},"modified":"2013-11-27T13:09:52","modified_gmt":"2013-11-27T16:09:52","slug":"geddel-aparece-liderando-pesquisa-do-instituto-datanilo","status":"publish","type":"post","link":"https:\/\/www.sudoestehoje.com.br\/novoportal\/2013\/11\/27\/geddel-aparece-liderando-pesquisa-do-instituto-datanilo\/","title":{"rendered":"GEDDEL APARECE LIDERANDO PESQUISA DO INSTITUTO &#8220;DATANILO&#8221;"},"content":{"rendered":"<p><a href=\"http:\/\/www.sudoestehoje.com.br\/novoportal\/wp-content\/uploads\/2013\/11\/Geddel-2.jpg\"><img loading=\"lazy\" decoding=\"async\" class=\"aligncenter size-medium wp-image-32556\" alt=\"Geddel-2\" src=\"http:\/\/www.sudoestehoje.com.br\/novoportal\/wp-content\/uploads\/2013\/11\/Geddel-2-500x360.jpg\" width=\"500\" height=\"360\" srcset=\"https:\/\/www.sudoestehoje.com.br\/novoportal\/wp-content\/uploads\/2013\/11\/Geddel-2-500x360.jpg 500w, https:\/\/www.sudoestehoje.com.br\/novoportal\/wp-content\/uploads\/2013\/11\/Geddel-2.jpg 566w\" sizes=\"auto, (max-width: 500px) 100vw, 500px\" \/><\/a><\/p>\n<p>O presidente da Assembleia Legislativa, deputado Marcelo Nilo (PDT), vem fazendo pesquisa dia sim e o outro tamb\u00e9m. Desde que p\u00f4s na cabe\u00e7a que quer ser candidato a governador, os levantamentos t\u00eam sido constantes.<\/p>\n<p>Segundo a coluna Tempo Presente, de Levi Vasconcelos, o DataNilo entrou em campo mais uma vez. A novidade, desta vez, \u00e9 a lideran\u00e7a do ex-ministro da Integra\u00e7\u00e3o Nacional, Geddel Vieira Lima (PMDB). Ele aparece com 21% desbancado Paulo Souto, com 19%. A senadora L\u00eddice da Mata a(PSB) aparece ostentando 12%. Nilo, 6%; Rui Costa, 5% e Otto Alencar, 2%.<\/p>\n<p>Em outro cen\u00e1rio, troca-se Rui Costa por Walter Pinheiro, que aparece com 9%.<\/p>\n","protected":false},"excerpt":{"rendered":"<p>O presidente da Assembleia Legislativa, deputado Marcelo Nilo (PDT), vem fazendo pesquisa dia sim e o outro tamb\u00e9m. Desde que p\u00f4s na cabe\u00e7a que quer ser candidato a governador, os levantamentos t\u00eam sido constantes. Segundo a coluna Tempo Presente, de Levi Vasconcelos, o DataNilo entrou em campo mais uma vez. A novidade, desta vez, \u00e9 [&hellip;]<\/p>\n","protected":false},"author":2,"featured_media":0,"comment_status":"open","ping_status":"open","sticky":false,"template":"","format":"standard","meta":{"footnotes":"","_links_to":"","_links_to_target":""},"categories":[1],"tags":[],"class_list":["post-32555","post","type-post","status-publish","format-standard","hentry","category-geral"],"views":1202,"_links":{"self":[{"href":"https:\/\/www.sudoestehoje.com.br\/novoportal\/wp-json\/wp\/v2\/posts\/32555","targetHints":{"allow":["GET"]}}],"collection":[{"href":"https:\/\/www.sudoestehoje.com.br\/novoportal\/wp-json\/wp\/v2\/posts"}],"about":[{"href":"https:\/\/www.sudoestehoje.com.br\/novoportal\/wp-json\/wp\/v2\/types\/post"}],"author":[{"embeddable":true,"href":"https:\/\/www.sudoestehoje.com.br\/novoportal\/wp-json\/wp\/v2\/users\/2"}],"replies":[{"embeddable":true,"href":"https:\/\/www.sudoestehoje.com.br\/novoportal\/wp-json\/wp\/v2\/comments?post=32555"}],"version-history":[{"count":1,"href":"https:\/\/www.sudoestehoje.com.br\/novoportal\/wp-json\/wp\/v2\/posts\/32555\/revisions"}],"predecessor-version":[{"id":32557,"href":"https:\/\/www.sudoestehoje.com.br\/novoportal\/wp-json\/wp\/v2\/posts\/32555\/revisions\/32557"}],"wp:attachment":[{"href":"https:\/\/www.sudoestehoje.com.br\/novoportal\/wp-json\/wp\/v2\/media?parent=32555"}],"wp:term":[{"taxonomy":"category","embeddable":true,"href":"https:\/\/www.sudoestehoje.com.br\/novoportal\/wp-json\/wp\/v2\/categories?post=32555"},{"taxonomy":"post_tag","embeddable":true,"href":"https:\/\/www.sudoestehoje.com.br\/novoportal\/wp-json\/wp\/v2\/tags?post=32555"}],"curies":[{"name":"wp","href":"https:\/\/api.w.org\/{rel}","templated":true}]}}