
{"id":32453,"date":"2013-11-24T19:29:44","date_gmt":"2013-11-24T22:29:44","guid":{"rendered":"http:\/\/www.sudoestehoje.com.br\/novoportal\/?p=32453"},"modified":"2013-11-24T20:21:22","modified_gmt":"2013-11-24T23:21:22","slug":"potiragua-prefeito-luis-soares-pode-ser-cassado-pela-justica-eleitoral","status":"publish","type":"post","link":"https:\/\/www.sudoestehoje.com.br\/novoportal\/2013\/11\/24\/potiragua-prefeito-luis-soares-pode-ser-cassado-pela-justica-eleitoral\/","title":{"rendered":"POTIRAGU\u00c1: PREFEITO E VICE PODEM SER CASSADOS PELA JUSTI\u00c7A ELEITORAL"},"content":{"rendered":"<div id=\"attachment_32463\" style=\"width: 460px\" class=\"wp-caption aligncenter\"><a href=\"http:\/\/www.sudoestehoje.com.br\/novoportal\/wp-content\/uploads\/2013\/11\/luiz-soares-e-jos\u00e9-amaral.jpg\"><img decoding=\"async\" aria-describedby=\"caption-attachment-32463\" class=\" wp-image-32463 \" alt=\"Prefeito e vice de Potiragu\u00e1 podem perder mandatos e nova elei\u00e7\u00e3o poder\u00e1 ser realizada no munic\u00edpio.\" src=\"http:\/\/www.sudoestehoje.com.br\/novoportal\/wp-content\/uploads\/2013\/11\/luiz-soares-e-jos\u00e9-amaral.jpg\" width=\"450\" \/><\/a><p id=\"caption-attachment-32463\" class=\"wp-caption-text\">Prefeito e vice de Potiragu\u00e1 podem perder mandatos e nova elei\u00e7\u00e3o poder\u00e1 ser realizada no munic\u00edpio.<\/p><\/div>\n<p>O prefeito de Potiragu\u00e1, Luis Soares (PT) e o vice Jos\u00e9 Amaral, est\u00e3o respondendo a uma A\u00e7\u00e3o de Investiga\u00e7\u00e3o Judicial Eleitoral na 91\u00aaZona Eleitoral, sob a acusa\u00e7\u00e3o de capta\u00e7\u00e3o il\u00edcita de sufr\u00e1gio e abuso de poder \u00a0econ\u00f4mico, supostamente \u00a0ocorridos durante o pleito de 2012.\u00a0Na a\u00e7\u00e3o proposta pela oposi\u00e7\u00e3o, \u00e9 requerida a cassa\u00e7\u00e3o dos mandatos eletivos do prefeito e seu vice, a inelegibilidade de ambos, por 8 anos, e a aplica\u00e7\u00e3o de multa, na forma prevista em lei.<\/p>\n<p>No dia 24 de outubro a ju\u00edza Giselle Guimar\u00e3es Ribeiro, determinou a suspens\u00e3o do processo por seis meses, at\u00e9 o julgamento final de uma medida cautelar requerida por Luiz Sores, no TRE.\u00a0Os advogados de Luis Soares conseguiram uma liminar, de car\u00e1ter apenas protelat\u00f3rio, cujo teor da decis\u00e3o \u00e9 no sentido de que seja adequado o n\u00famero de testemunhas arroladas pelos investigantes.<\/p>\n<p>A A\u00e7\u00e3o de Investiga\u00e7\u00e3o Judicial Eleitoral (AIJE) \u00e9 movida pelo segundo colocado no pleito de 2012, Jorge Cheles (PMDB), e o Minist\u00e9rio P\u00fablico j\u00e1 se pronunciou pela cassa\u00e7\u00e3o do prefeito. <em>Sudoeste Hoje<\/em><\/p>\n<p><a href=\"http:\/\/www.sudoestehoje.com.br\/novoportal\/wp-content\/uploads\/2013\/11\/pot.jpg\"><img loading=\"lazy\" decoding=\"async\" class=\"aligncenter size-medium wp-image-32455\" alt=\"pot\" src=\"http:\/\/www.sudoestehoje.com.br\/novoportal\/wp-content\/uploads\/2013\/11\/pot-500x419.jpg\" width=\"500\" height=\"419\" srcset=\"https:\/\/www.sudoestehoje.com.br\/novoportal\/wp-content\/uploads\/2013\/11\/pot-500x419.jpg 500w, https:\/\/www.sudoestehoje.com.br\/novoportal\/wp-content\/uploads\/2013\/11\/pot-700x587.jpg 700w, https:\/\/www.sudoestehoje.com.br\/novoportal\/wp-content\/uploads\/2013\/11\/pot.jpg 774w\" sizes=\"auto, (max-width: 500px) 100vw, 500px\" \/><\/a><\/p>\n","protected":false},"excerpt":{"rendered":"<p>O prefeito de Potiragu\u00e1, Luis Soares (PT) e o vice Jos\u00e9 Amaral, est\u00e3o respondendo a uma A\u00e7\u00e3o de Investiga\u00e7\u00e3o Judicial Eleitoral na 91\u00aaZona Eleitoral, sob a acusa\u00e7\u00e3o de capta\u00e7\u00e3o il\u00edcita de sufr\u00e1gio e abuso de poder \u00a0econ\u00f4mico, supostamente \u00a0ocorridos durante o pleito de 2012.\u00a0Na a\u00e7\u00e3o proposta pela oposi\u00e7\u00e3o, \u00e9 requerida a cassa\u00e7\u00e3o dos mandatos eletivos [&hellip;]<\/p>\n","protected":false},"author":2,"featured_media":0,"comment_status":"open","ping_status":"open","sticky":false,"template":"","format":"standard","meta":{"footnotes":"","_links_to":"","_links_to_target":""},"categories":[1],"tags":[],"class_list":["post-32453","post","type-post","status-publish","format-standard","hentry","category-geral"],"views":1632,"_links":{"self":[{"href":"https:\/\/www.sudoestehoje.com.br\/novoportal\/wp-json\/wp\/v2\/posts\/32453","targetHints":{"allow":["GET"]}}],"collection":[{"href":"https:\/\/www.sudoestehoje.com.br\/novoportal\/wp-json\/wp\/v2\/posts"}],"about":[{"href":"https:\/\/www.sudoestehoje.com.br\/novoportal\/wp-json\/wp\/v2\/types\/post"}],"author":[{"embeddable":true,"href":"https:\/\/www.sudoestehoje.com.br\/novoportal\/wp-json\/wp\/v2\/users\/2"}],"replies":[{"embeddable":true,"href":"https:\/\/www.sudoestehoje.com.br\/novoportal\/wp-json\/wp\/v2\/comments?post=32453"}],"version-history":[{"count":10,"href":"https:\/\/www.sudoestehoje.com.br\/novoportal\/wp-json\/wp\/v2\/posts\/32453\/revisions"}],"predecessor-version":[{"id":32466,"href":"https:\/\/www.sudoestehoje.com.br\/novoportal\/wp-json\/wp\/v2\/posts\/32453\/revisions\/32466"}],"wp:attachment":[{"href":"https:\/\/www.sudoestehoje.com.br\/novoportal\/wp-json\/wp\/v2\/media?parent=32453"}],"wp:term":[{"taxonomy":"category","embeddable":true,"href":"https:\/\/www.sudoestehoje.com.br\/novoportal\/wp-json\/wp\/v2\/categories?post=32453"},{"taxonomy":"post_tag","embeddable":true,"href":"https:\/\/www.sudoestehoje.com.br\/novoportal\/wp-json\/wp\/v2\/tags?post=32453"}],"curies":[{"name":"wp","href":"https:\/\/api.w.org\/{rel}","templated":true}]}}