
{"id":32385,"date":"2013-11-21T23:57:54","date_gmt":"2013-11-22T02:57:54","guid":{"rendered":"http:\/\/www.sudoestehoje.com.br\/novoportal\/?p=32385"},"modified":"2013-11-22T00:14:07","modified_gmt":"2013-11-22T03:14:07","slug":"captando-recursos","status":"publish","type":"post","link":"https:\/\/www.sudoestehoje.com.br\/novoportal\/2013\/11\/21\/captando-recursos\/","title":{"rendered":"&#8220;CAPTANDO RECURSOS&#8221;"},"content":{"rendered":"<p style=\"text-align: center;\"><a href=\"http:\/\/www.sudoestehoje.com.br\/novoportal\/wp-content\/uploads\/2013\/11\/Di\u00e1rias-de-Z\u00e9-Carlos.jpg\"><img decoding=\"async\" class=\"wp-image-32386 alignleft\" alt=\"Di\u00e1rias de Z\u00e9 Carlos\" src=\"http:\/\/www.sudoestehoje.com.br\/novoportal\/wp-content\/uploads\/2013\/11\/Di\u00e1rias-de-Z\u00e9-Carlos.jpg\" width=\"200\" \/><\/a><\/p>\n<p>Com a constata\u00e7\u00e3o de que o prefeito Z\u00e9 Carlos &#8220;n\u00e3o estava em Itapetinga&#8221;, no dia em que pegou a garupa na inaugura\u00e7\u00e3o da Farm\u00e1cia Santana, fica uma d\u00favida no ar. Quem seria aquele sujeito alto e magro, cheio do gor\u00f3, que estava l\u00e1 na pra\u00e7a de taxi cortando a fita? Seria por acaso o seu eterno clone Z\u00e9 Renan ou algum aspone mascarado de prefeito?<\/p>\n<p>O Sudoeste Hoje mandou a foto para ser analisada e periciada por um especialista em Salvador, e a resposta foi taxativa: o sujeito da foto jamais poderia ser o diligente prefeito Z\u00e9 Carlos, pois naquela data e hor\u00e1rio ele se encontrava em uma &#8216;reparti\u00e7\u00e3o p\u00fablica&#8217; no Shopping Barra, na capital do Estado, &#8220;captando recursos&#8221; (leia-se di\u00e1rias), para aplicar no munic\u00edpio.<\/p>\n<p>Assim, o mist\u00e9rio continua, pois Z\u00e9 Renan tamb\u00e9m aparece na foto, de camisa azul e \u00f3culos escuros, se escondendo atr\u00e1s de Geremias e falando baixinho para Z\u00e9 Carlos: &#8220;corte logo a fita e se pique para Salvador, para gastar o resto das di\u00e1rias&#8230;&#8221;.<\/p>\n<p>Algu\u00e9m a\u00ed tem alguma pista para desvendarmos este mist\u00e9rio?<\/p>\n<p><strong><em>Por Davi Ferraz<\/em><\/strong><\/p>\n","protected":false},"excerpt":{"rendered":"<p>Com a constata\u00e7\u00e3o de que o prefeito Z\u00e9 Carlos &#8220;n\u00e3o estava em Itapetinga&#8221;, no dia em que pegou a garupa na inaugura\u00e7\u00e3o da Farm\u00e1cia Santana, fica uma d\u00favida no ar. Quem seria aquele sujeito alto e magro, cheio do gor\u00f3, que estava l\u00e1 na pra\u00e7a de taxi cortando a fita? Seria por acaso o seu [&hellip;]<\/p>\n","protected":false},"author":2,"featured_media":0,"comment_status":"open","ping_status":"open","sticky":false,"template":"","format":"standard","meta":{"footnotes":"","_links_to":"","_links_to_target":""},"categories":[1],"tags":[],"class_list":["post-32385","post","type-post","status-publish","format-standard","hentry","category-geral"],"views":1254,"_links":{"self":[{"href":"https:\/\/www.sudoestehoje.com.br\/novoportal\/wp-json\/wp\/v2\/posts\/32385","targetHints":{"allow":["GET"]}}],"collection":[{"href":"https:\/\/www.sudoestehoje.com.br\/novoportal\/wp-json\/wp\/v2\/posts"}],"about":[{"href":"https:\/\/www.sudoestehoje.com.br\/novoportal\/wp-json\/wp\/v2\/types\/post"}],"author":[{"embeddable":true,"href":"https:\/\/www.sudoestehoje.com.br\/novoportal\/wp-json\/wp\/v2\/users\/2"}],"replies":[{"embeddable":true,"href":"https:\/\/www.sudoestehoje.com.br\/novoportal\/wp-json\/wp\/v2\/comments?post=32385"}],"version-history":[{"count":4,"href":"https:\/\/www.sudoestehoje.com.br\/novoportal\/wp-json\/wp\/v2\/posts\/32385\/revisions"}],"predecessor-version":[{"id":32390,"href":"https:\/\/www.sudoestehoje.com.br\/novoportal\/wp-json\/wp\/v2\/posts\/32385\/revisions\/32390"}],"wp:attachment":[{"href":"https:\/\/www.sudoestehoje.com.br\/novoportal\/wp-json\/wp\/v2\/media?parent=32385"}],"wp:term":[{"taxonomy":"category","embeddable":true,"href":"https:\/\/www.sudoestehoje.com.br\/novoportal\/wp-json\/wp\/v2\/categories?post=32385"},{"taxonomy":"post_tag","embeddable":true,"href":"https:\/\/www.sudoestehoje.com.br\/novoportal\/wp-json\/wp\/v2\/tags?post=32385"}],"curies":[{"name":"wp","href":"https:\/\/api.w.org\/{rel}","templated":true}]}}