
{"id":32371,"date":"2013-11-21T22:58:59","date_gmt":"2013-11-22T01:58:59","guid":{"rendered":"http:\/\/www.sudoestehoje.com.br\/novoportal\/?p=32371"},"modified":"2013-11-21T22:58:59","modified_gmt":"2013-11-22T01:58:59","slug":"vereador-alfredo-sugere-que-circos-e-parques-nao-sejam-instalados-na-lagoa","status":"publish","type":"post","link":"https:\/\/www.sudoestehoje.com.br\/novoportal\/2013\/11\/21\/vereador-alfredo-sugere-que-circos-e-parques-nao-sejam-instalados-na-lagoa\/","title":{"rendered":"VEREADOR ALFREDO SUGERE QUE CIRCOS E PARQUES N\u00c3O SEJAM INSTALADOS NA LAGOA"},"content":{"rendered":"<p><a href=\"http:\/\/www.sudoestehoje.com.br\/novoportal\/wp-content\/uploads\/2013\/11\/GEDC0080.jpg\"><img loading=\"lazy\" decoding=\"async\" class=\"aligncenter size-medium wp-image-32373\" alt=\"GEDSC DIGITAL CAMERA\" src=\"http:\/\/www.sudoestehoje.com.br\/novoportal\/wp-content\/uploads\/2013\/11\/GEDC0080-500x375.jpg\" width=\"500\" height=\"375\" srcset=\"https:\/\/www.sudoestehoje.com.br\/novoportal\/wp-content\/uploads\/2013\/11\/GEDC0080-500x375.jpg 500w, https:\/\/www.sudoestehoje.com.br\/novoportal\/wp-content\/uploads\/2013\/11\/GEDC0080.jpg 640w\" sizes=\"auto, (max-width: 500px) 100vw, 500px\" \/><\/a><\/p>\n<p>Atendendo reivindica\u00e7\u00e3o da popula\u00e7\u00e3o, o vereador Alfredo Cabral solicitou, na sess\u00e3o desta quarta-feira (20), que o secret\u00e1rio de Administra\u00e7\u00e3o do munic\u00edpio, Carlos Alberto Santana, presente \u00e0 sess\u00e3o, levasse ao prefeito Jos\u00e9 Carlos Moura a sugest\u00e3o de estudar a possibilidade de n\u00e3o mais permitir a instala\u00e7\u00e3o de parques de divers\u00e3o e circos, no Parque Poliesportivo da Lagoa, principal cart\u00e3o postal da cidade.<\/p>\n<p>Segundo o edil, sempre que circos e parques s\u00e3o instalados na lagoa, ocorre a interrup\u00e7\u00e3o da pr\u00e1tica di\u00e1ria do Cooper, do futebol das escolinhas e outras pr\u00e1ticas esportivas.<\/p>\n<p>\u201cSabemos tamb\u00e9m que ap\u00f3s a instala\u00e7\u00e3o, o local fica esburacado, prejudica o gramado, que os funcion\u00e1rios dos circos e parques utilizam a Lagoa para lavagem de roupas e outros objetos, al\u00e9m de jogarem dejetos no interior da Lagoa. Um verdadeiro crime ao meio ambiente\u201d, denunciou o vereador Alfredo Cabral.<\/p>\n<p>O secret\u00e1rio Carlos Alberto se comprometeu em levar a sugest\u00e3o ao prefeito, mas na manh\u00e3 desta quinta-feira um parque de divers\u00f5es j\u00e1 come\u00e7ava a se instalar no local.<\/p>\n<p><strong><em>Sudoeste Hoje<\/em><\/strong><\/p>\n","protected":false},"excerpt":{"rendered":"<p>Atendendo reivindica\u00e7\u00e3o da popula\u00e7\u00e3o, o vereador Alfredo Cabral solicitou, na sess\u00e3o desta quarta-feira (20), que o secret\u00e1rio de Administra\u00e7\u00e3o do munic\u00edpio, Carlos Alberto Santana, presente \u00e0 sess\u00e3o, levasse ao prefeito Jos\u00e9 Carlos Moura a sugest\u00e3o de estudar a possibilidade de n\u00e3o mais permitir a instala\u00e7\u00e3o de parques de divers\u00e3o e circos, no Parque Poliesportivo da [&hellip;]<\/p>\n","protected":false},"author":2,"featured_media":0,"comment_status":"open","ping_status":"open","sticky":false,"template":"","format":"standard","meta":{"footnotes":"","_links_to":"","_links_to_target":""},"categories":[1],"tags":[],"class_list":["post-32371","post","type-post","status-publish","format-standard","hentry","category-geral"],"views":1069,"_links":{"self":[{"href":"https:\/\/www.sudoestehoje.com.br\/novoportal\/wp-json\/wp\/v2\/posts\/32371","targetHints":{"allow":["GET"]}}],"collection":[{"href":"https:\/\/www.sudoestehoje.com.br\/novoportal\/wp-json\/wp\/v2\/posts"}],"about":[{"href":"https:\/\/www.sudoestehoje.com.br\/novoportal\/wp-json\/wp\/v2\/types\/post"}],"author":[{"embeddable":true,"href":"https:\/\/www.sudoestehoje.com.br\/novoportal\/wp-json\/wp\/v2\/users\/2"}],"replies":[{"embeddable":true,"href":"https:\/\/www.sudoestehoje.com.br\/novoportal\/wp-json\/wp\/v2\/comments?post=32371"}],"version-history":[{"count":3,"href":"https:\/\/www.sudoestehoje.com.br\/novoportal\/wp-json\/wp\/v2\/posts\/32371\/revisions"}],"predecessor-version":[{"id":32375,"href":"https:\/\/www.sudoestehoje.com.br\/novoportal\/wp-json\/wp\/v2\/posts\/32371\/revisions\/32375"}],"wp:attachment":[{"href":"https:\/\/www.sudoestehoje.com.br\/novoportal\/wp-json\/wp\/v2\/media?parent=32371"}],"wp:term":[{"taxonomy":"category","embeddable":true,"href":"https:\/\/www.sudoestehoje.com.br\/novoportal\/wp-json\/wp\/v2\/categories?post=32371"},{"taxonomy":"post_tag","embeddable":true,"href":"https:\/\/www.sudoestehoje.com.br\/novoportal\/wp-json\/wp\/v2\/tags?post=32371"}],"curies":[{"name":"wp","href":"https:\/\/api.w.org\/{rel}","templated":true}]}}