
{"id":3231,"date":"2011-01-26T12:42:14","date_gmt":"2011-01-26T15:42:14","guid":{"rendered":"http:\/\/www.sudoestehoje.com.br\/novoportal\/?p=3231"},"modified":"2011-01-26T12:42:39","modified_gmt":"2011-01-26T15:42:39","slug":"olho-gordo","status":"publish","type":"post","link":"https:\/\/www.sudoestehoje.com.br\/novoportal\/2011\/01\/26\/olho-gordo\/","title":{"rendered":"OLHO GORDO"},"content":{"rendered":"<p style=\"text-align: center;\"><a href=\"http:\/\/www.google.com.br\/imgres?imgurl=http:\/\/4.bp.blogspot.com\/_9uW6EiBbRIo\/SWNnzKVKtWI\/AAAAAAAAAD0\/dns0HaOrUAY\/s320\/john%2Bolho%2Bgordo.JPG&amp;imgrefurl=http:\/\/imprensa-marrom-em-maringa.blogspot.com\/2009\/01\/john-gangster-alves-em-duas-verses-gay.html&amp;usg=__bLGS4sYtUo8NWqv6arq4YI0IfF8=&amp;h=299&amp;w=306&amp;sz=15&amp;hl=pt-br&amp;start=9&amp;zoom=1&amp;itbs=1&amp;tbnid=bLwSweNOhYkZuM:&amp;tbnh=114&amp;tbnw=117&amp;prev=\/images%3Fq%3DOLHO%2BGORDO%26hl%3Dpt-br%26sa%3DG%26gbv%3D2%26tbs%3Disch:1&amp;ei=Dz5ATeypH4LYgQfc-_jdAg\"><img loading=\"lazy\" decoding=\"async\" class=\"aligncenter\" src=\"http:\/\/t2.gstatic.com\/images?q=tbn:ANd9GcSZaqDxDwQ97hjNrV5mtH-IV5YKeAcPegSZGSlFJzKFmPL8-Hf3tUbQNQ4\" alt=\"\" width=\"117\" height=\"114\" \/><\/a>\u00a0<\/p>\n<p>Em 2007 o ex-prefeito Michel comentava em seu gabinete que o governador Wagner havia solicitado que ele escolhesse uma obra de peso para ser realizada em Itapetinga, pelo governo do estado. A escolha deveria recair entre a duplica\u00e7\u00e3o da Avenida Julio Rodrigues e a revitaliza\u00e7\u00e3o do centro comercial, com a reforma e moderniza\u00e7\u00e3o da Alameda e ruas adjacentes. Opinei, humildemente,\u00a0pela revitaliza\u00e7\u00e3o do centro comercial, pois achava qua a avenida poderia\u00a0ficar para uma segunda etapa, pelo seu alt\u00edssimo custo e demora na execu\u00e7\u00e3o. Recebi de Michel a seguinte resposta: <em>&#8220;voc\u00ea acha que eu sou besta de trocar uma obra de 8 milh\u00f5es por uma de\u00a02 ou 3?&#8221;.<\/em>\u00a0Deu no que deu&#8230; Agora \u00e9 Z\u00e9 Carlos que segue a mesma trilha. Advinhem o resultado&#8230;<\/p>\n","protected":false},"excerpt":{"rendered":"<p>\u00a0 Em 2007 o ex-prefeito Michel comentava em seu gabinete que o governador Wagner havia solicitado que ele escolhesse uma obra de peso para ser realizada em Itapetinga, pelo governo do estado. A escolha deveria recair entre a duplica\u00e7\u00e3o da Avenida Julio Rodrigues e a revitaliza\u00e7\u00e3o do centro comercial, com a reforma e moderniza\u00e7\u00e3o da [&hellip;]<\/p>\n","protected":false},"author":2,"featured_media":0,"comment_status":"open","ping_status":"open","sticky":false,"template":"","format":"standard","meta":{"footnotes":"","_links_to":"","_links_to_target":""},"categories":[1,11],"tags":[],"class_list":["post-3231","post","type-post","status-publish","format-standard","hentry","category-geral","category-quentinhas"],"views":1386,"_links":{"self":[{"href":"https:\/\/www.sudoestehoje.com.br\/novoportal\/wp-json\/wp\/v2\/posts\/3231","targetHints":{"allow":["GET"]}}],"collection":[{"href":"https:\/\/www.sudoestehoje.com.br\/novoportal\/wp-json\/wp\/v2\/posts"}],"about":[{"href":"https:\/\/www.sudoestehoje.com.br\/novoportal\/wp-json\/wp\/v2\/types\/post"}],"author":[{"embeddable":true,"href":"https:\/\/www.sudoestehoje.com.br\/novoportal\/wp-json\/wp\/v2\/users\/2"}],"replies":[{"embeddable":true,"href":"https:\/\/www.sudoestehoje.com.br\/novoportal\/wp-json\/wp\/v2\/comments?post=3231"}],"version-history":[{"count":2,"href":"https:\/\/www.sudoestehoje.com.br\/novoportal\/wp-json\/wp\/v2\/posts\/3231\/revisions"}],"predecessor-version":[{"id":3233,"href":"https:\/\/www.sudoestehoje.com.br\/novoportal\/wp-json\/wp\/v2\/posts\/3231\/revisions\/3233"}],"wp:attachment":[{"href":"https:\/\/www.sudoestehoje.com.br\/novoportal\/wp-json\/wp\/v2\/media?parent=3231"}],"wp:term":[{"taxonomy":"category","embeddable":true,"href":"https:\/\/www.sudoestehoje.com.br\/novoportal\/wp-json\/wp\/v2\/categories?post=3231"},{"taxonomy":"post_tag","embeddable":true,"href":"https:\/\/www.sudoestehoje.com.br\/novoportal\/wp-json\/wp\/v2\/tags?post=3231"}],"curies":[{"name":"wp","href":"https:\/\/api.w.org\/{rel}","templated":true}]}}