
{"id":32248,"date":"2013-11-18T17:09:57","date_gmt":"2013-11-18T20:09:57","guid":{"rendered":"http:\/\/www.sudoestehoje.com.br\/novoportal\/?p=32248"},"modified":"2013-11-18T17:25:29","modified_gmt":"2013-11-18T20:25:29","slug":"pt-deve-adiar-escolha-do-candidato-ao-governo-afirma-pinheiro","status":"publish","type":"post","link":"https:\/\/www.sudoestehoje.com.br\/novoportal\/2013\/11\/18\/pt-deve-adiar-escolha-do-candidato-ao-governo-afirma-pinheiro\/","title":{"rendered":"PT DEVE ADIAR ESCOLHA DO CANDIDATO AO GOVERNO, AFIRMA PINHEIRO"},"content":{"rendered":"<p><a href=\"http:\/\/www.sudoestehoje.com.br\/novoportal\/wp-content\/uploads\/2013\/11\/PINHE.jpeg\"><img loading=\"lazy\" decoding=\"async\" class=\"aligncenter size-full wp-image-32249\" alt=\"Plen\u00e1rio do Senado\" src=\"http:\/\/www.sudoestehoje.com.br\/novoportal\/wp-content\/uploads\/2013\/11\/PINHE.jpeg\" width=\"500\" height=\"323\" \/><\/a><\/p>\n<p>O imbr\u00f3glio do PT para escolha do nome que representar\u00e1 o partido na sucess\u00e3o do governador Jaques em 2014 vai al\u00e9m do que se sabe em p\u00fablico. Na luta para viabilizar seu nome, o senador Walter Pinheiro afirma que n\u00e3o acredita que a decis\u00e3o saia at\u00e9 o pr\u00f3ximo dia 30, como afirma a presid\u00eancia da legenda.<\/p>\n<p>&#8220;Estou chegando \u00e0 conclus\u00e3o de que isso n\u00e3o vai ser fechado no dia 30. \u00c9 importante que a gente construa isso tamb\u00e9m com um maior n\u00edvel de ausculta&#8221;, disse o senador e pr\u00e9-candidato em entrevista \u00e0 r\u00e1dio Tudo FM nesta segunda-feira.<!--more--><\/p>\n<p>Apesar de ser praticamente imposs\u00edvel Pinheiro prega import\u00e2ncia de o nome escolhido sair por consenso. &#8220;N\u00e3o quero isso para mim e n\u00e3o quero isso para os outros. Em 2008 [na disputa para a Prefeitura de Salvador] eu participei de uma pr\u00e9via no dia 25 de maio, dia do meu anivers\u00e1rio. Em 2010, eu fui para um encontro do PT que \u00e9 parecido com pr\u00e9via e s\u00f3 fui escolhido no in\u00edcio de junho, quando todo mundo j\u00e1 estava na rua fazendo campanha&#8221;.<\/p>\n<p>O senador admite que n\u00e3o \u00e9 a favor da decis\u00e3o antes do carnaval, mas afirma que o ritmo fren\u00e9tico que a disputa interna ganhou o &#8220;obrigou a adiantar&#8221; sua participa\u00e7\u00e3o no embate interno.<\/p>\n<p>&#8220;As pessoas foram atropelando, marcando data e agora eu entrei numa l\u00f3gica de que quero definir para sair dessa agonia&#8221;.<\/p>\n<p>Pinheiro diz, contudo, que a candidatura a governador n\u00e3o \u00e9 um projeto pessoal e fala da lideran\u00e7a que o governador Jaques Wagner exercer\u00e1 no processo de escolha.<\/p>\n<p>&#8220;O governador exerce uma import\u00e2ncia fundamental nessa escolha e \u00e9 natural que ele tenha a prerrogativa. Se tanto o governador quanto o diret\u00f3rio balizarem outro nome, eu vou entregar um conjunto de propostas para que o governo Jaques Wagner passe isso adiante&#8221;.<\/p>\n","protected":false},"excerpt":{"rendered":"<p>O imbr\u00f3glio do PT para escolha do nome que representar\u00e1 o partido na sucess\u00e3o do governador Jaques em 2014 vai al\u00e9m do que se sabe em p\u00fablico. Na luta para viabilizar seu nome, o senador Walter Pinheiro afirma que n\u00e3o acredita que a decis\u00e3o saia at\u00e9 o pr\u00f3ximo dia 30, como afirma a presid\u00eancia da [&hellip;]<\/p>\n","protected":false},"author":2,"featured_media":0,"comment_status":"open","ping_status":"open","sticky":false,"template":"","format":"standard","meta":{"footnotes":"","_links_to":"","_links_to_target":""},"categories":[1],"tags":[],"class_list":["post-32248","post","type-post","status-publish","format-standard","hentry","category-geral"],"views":1256,"_links":{"self":[{"href":"https:\/\/www.sudoestehoje.com.br\/novoportal\/wp-json\/wp\/v2\/posts\/32248","targetHints":{"allow":["GET"]}}],"collection":[{"href":"https:\/\/www.sudoestehoje.com.br\/novoportal\/wp-json\/wp\/v2\/posts"}],"about":[{"href":"https:\/\/www.sudoestehoje.com.br\/novoportal\/wp-json\/wp\/v2\/types\/post"}],"author":[{"embeddable":true,"href":"https:\/\/www.sudoestehoje.com.br\/novoportal\/wp-json\/wp\/v2\/users\/2"}],"replies":[{"embeddable":true,"href":"https:\/\/www.sudoestehoje.com.br\/novoportal\/wp-json\/wp\/v2\/comments?post=32248"}],"version-history":[{"count":3,"href":"https:\/\/www.sudoestehoje.com.br\/novoportal\/wp-json\/wp\/v2\/posts\/32248\/revisions"}],"predecessor-version":[{"id":32252,"href":"https:\/\/www.sudoestehoje.com.br\/novoportal\/wp-json\/wp\/v2\/posts\/32248\/revisions\/32252"}],"wp:attachment":[{"href":"https:\/\/www.sudoestehoje.com.br\/novoportal\/wp-json\/wp\/v2\/media?parent=32248"}],"wp:term":[{"taxonomy":"category","embeddable":true,"href":"https:\/\/www.sudoestehoje.com.br\/novoportal\/wp-json\/wp\/v2\/categories?post=32248"},{"taxonomy":"post_tag","embeddable":true,"href":"https:\/\/www.sudoestehoje.com.br\/novoportal\/wp-json\/wp\/v2\/tags?post=32248"}],"curies":[{"name":"wp","href":"https:\/\/api.w.org\/{rel}","templated":true}]}}