
{"id":32123,"date":"2013-11-13T19:38:06","date_gmt":"2013-11-13T22:38:06","guid":{"rendered":"http:\/\/www.sudoestehoje.com.br\/novoportal\/?p=32123"},"modified":"2013-11-13T19:38:06","modified_gmt":"2013-11-13T22:38:06","slug":"fundacao-jose-silveira-assegura-atendimento-do-planserv-no-hcr","status":"publish","type":"post","link":"https:\/\/www.sudoestehoje.com.br\/novoportal\/2013\/11\/13\/fundacao-jose-silveira-assegura-atendimento-do-planserv-no-hcr\/","title":{"rendered":"FUNDA\u00c7\u00c3O JOS\u00c9 SILVEIRA ASSEGURA ATENDIMENTO DO PLANSERV NO HCR"},"content":{"rendered":"<div id=\"attachment_32124\" style=\"width: 510px\" class=\"wp-caption aligncenter\"><a href=\"http:\/\/www.sudoestehoje.com.br\/novoportal\/wp-content\/uploads\/2013\/11\/Hospital-Cristo-Redentor-FJS-2013.jpg\"><img loading=\"lazy\" decoding=\"async\" aria-describedby=\"caption-attachment-32124\" class=\"size-medium wp-image-32124\" alt=\"Foto Sudoeste Hoje\" src=\"http:\/\/www.sudoestehoje.com.br\/novoportal\/wp-content\/uploads\/2013\/11\/Hospital-Cristo-Redentor-FJS-2013-500x293.jpg\" width=\"500\" height=\"293\" srcset=\"https:\/\/www.sudoestehoje.com.br\/novoportal\/wp-content\/uploads\/2013\/11\/Hospital-Cristo-Redentor-FJS-2013-500x293.jpg 500w, https:\/\/www.sudoestehoje.com.br\/novoportal\/wp-content\/uploads\/2013\/11\/Hospital-Cristo-Redentor-FJS-2013.jpg 640w\" sizes=\"auto, (max-width: 500px) 100vw, 500px\" \/><\/a><p id=\"caption-attachment-32124\" class=\"wp-caption-text\">Foto Sudoeste Hoje<\/p><\/div>\n<p>A Funda\u00e7\u00e3o Jos\u00e9 Silveira (FJS) informa que, quando sucedeu a Santa Casa na gest\u00e3o do Hospital Cristo Redentor, em julho \u00faltimo, o contrato que estava em vigor foi suspenso pelo Planserv e teve in\u00edcio a formaliza\u00e7\u00e3o de novo contrato com a FJS. Este processo est\u00e1 em andamento e a Funda\u00e7\u00e3o Jos\u00e9 Silveira j\u00e1 tomou as provid\u00eancias necess\u00e1rias para a assinatura de contrato de credenciamento, com todo empenho para regularizar, o mais breve poss\u00edvel, o atendimento aos benefici\u00e1rios pelo Planserv. Trata-se de uma altera\u00e7\u00e3o administrativa, pois o intuito \u00e9 preservar esta op\u00e7\u00e3o de atendimento aos servidores estaduais na referida unidade, que atende a toda popula\u00e7\u00e3o local atrav\u00e9s do Sistema \u00danico de Sa\u00fade (SUS).<\/p>\n<p><em>Assessoria de Comunica\u00e7\u00e3o da Funda\u00e7\u00e3o Jos\u00e9 Silveira<\/em><\/p>\n","protected":false},"excerpt":{"rendered":"<p>A Funda\u00e7\u00e3o Jos\u00e9 Silveira (FJS) informa que, quando sucedeu a Santa Casa na gest\u00e3o do Hospital Cristo Redentor, em julho \u00faltimo, o contrato que estava em vigor foi suspenso pelo Planserv e teve in\u00edcio a formaliza\u00e7\u00e3o de novo contrato com a FJS. Este processo est\u00e1 em andamento e a Funda\u00e7\u00e3o Jos\u00e9 Silveira j\u00e1 tomou as [&hellip;]<\/p>\n","protected":false},"author":2,"featured_media":0,"comment_status":"open","ping_status":"open","sticky":false,"template":"","format":"standard","meta":{"footnotes":"","_links_to":"","_links_to_target":""},"categories":[1],"tags":[],"class_list":["post-32123","post","type-post","status-publish","format-standard","hentry","category-geral"],"views":1688,"_links":{"self":[{"href":"https:\/\/www.sudoestehoje.com.br\/novoportal\/wp-json\/wp\/v2\/posts\/32123","targetHints":{"allow":["GET"]}}],"collection":[{"href":"https:\/\/www.sudoestehoje.com.br\/novoportal\/wp-json\/wp\/v2\/posts"}],"about":[{"href":"https:\/\/www.sudoestehoje.com.br\/novoportal\/wp-json\/wp\/v2\/types\/post"}],"author":[{"embeddable":true,"href":"https:\/\/www.sudoestehoje.com.br\/novoportal\/wp-json\/wp\/v2\/users\/2"}],"replies":[{"embeddable":true,"href":"https:\/\/www.sudoestehoje.com.br\/novoportal\/wp-json\/wp\/v2\/comments?post=32123"}],"version-history":[{"count":1,"href":"https:\/\/www.sudoestehoje.com.br\/novoportal\/wp-json\/wp\/v2\/posts\/32123\/revisions"}],"predecessor-version":[{"id":32125,"href":"https:\/\/www.sudoestehoje.com.br\/novoportal\/wp-json\/wp\/v2\/posts\/32123\/revisions\/32125"}],"wp:attachment":[{"href":"https:\/\/www.sudoestehoje.com.br\/novoportal\/wp-json\/wp\/v2\/media?parent=32123"}],"wp:term":[{"taxonomy":"category","embeddable":true,"href":"https:\/\/www.sudoestehoje.com.br\/novoportal\/wp-json\/wp\/v2\/categories?post=32123"},{"taxonomy":"post_tag","embeddable":true,"href":"https:\/\/www.sudoestehoje.com.br\/novoportal\/wp-json\/wp\/v2\/tags?post=32123"}],"curies":[{"name":"wp","href":"https:\/\/api.w.org\/{rel}","templated":true}]}}