
{"id":3212,"date":"2011-01-26T00:51:21","date_gmt":"2011-01-26T03:51:21","guid":{"rendered":"http:\/\/www.sudoestehoje.com.br\/novoportal\/?p=3212"},"modified":"2011-01-26T00:51:21","modified_gmt":"2011-01-26T03:51:21","slug":"wagner-anuncia-mais-seis-secretarios","status":"publish","type":"post","link":"https:\/\/www.sudoestehoje.com.br\/novoportal\/2011\/01\/26\/wagner-anuncia-mais-seis-secretarios\/","title":{"rendered":"WAGNER ANUNCIA MAIS SEIS SECRET\u00c1RIOS"},"content":{"rendered":"<p style=\"text-align: center;\"><img decoding=\"async\" class=\"aligncenter\" src=\"http:\/\/www.camacarifatosefotos.com.br\/imagens\/fatos_g.php?19ddd2318f961e7e6cf85d580e4c159d.jpg\" alt=\"\" \/><\/p>\n<p style=\"text-align: center;\"><strong>Filho de Itapetinga, Wilson Brito, assumir\u00e1 a SEDIR<\/strong>\u00a0<\/p>\n<p>\u00a0<\/p>\n<p>O governador Jaques Wagner divulgou, no final da tarde desta ter\u00e7a-feira (25), a lista com mais seis nomes do secretariado do seu segundo mandato. Com isso, chegam a 21 as pastas com titulares confirmados. Agora, falta apenas a defini\u00e7\u00e3o dos secret\u00e1rios para as \u00e1reas da Promo\u00e7\u00e3o da Igualdade (SEPROMI), Rela\u00e7\u00f5es Institucionais (SERIN) e Ci\u00eancia e Tecnologia (SECTI).<\/p>\n<p>Os novos nomes s\u00e3o Carlos Brasileiro, no Desenvolvimento Social e Combate \u00e0 Pobreza (Sedes); Almiro Sena, na Justi\u00e7a, Cidadania e Direitos Humanos (SJCDH); e Carlos Costa, na Secretaria Extraordin\u00e1ria da Ind\u00fastria Naval e Portu\u00e1ria (Seinp).<\/p>\n<p>Continuam na pasta os secret\u00e1rios da Ind\u00fastria, Com\u00e9rcio e Minera\u00e7\u00e3o, James Correia, e da Agricultura, Irriga\u00e7\u00e3o e Reforma Agr\u00e1ria, Eduardo Salles. O ex-secret\u00e1rio Wilson Brito, da Infraestrutura, volta ao primeiro escal\u00e3o, desta vez comandando a Secretaria de Desenvolvimento e Integra\u00e7\u00e3o Regional (Sedir).<\/p>\n<p><strong>Agecom<\/strong><\/p>\n","protected":false},"excerpt":{"rendered":"<p>Filho de Itapetinga, Wilson Brito, assumir\u00e1 a SEDIR\u00a0 \u00a0 O governador Jaques Wagner divulgou, no final da tarde desta ter\u00e7a-feira (25), a lista com mais seis nomes do secretariado do seu segundo mandato. Com isso, chegam a 21 as pastas com titulares confirmados. Agora, falta apenas a defini\u00e7\u00e3o dos secret\u00e1rios para as \u00e1reas da Promo\u00e7\u00e3o [&hellip;]<\/p>\n","protected":false},"author":2,"featured_media":0,"comment_status":"open","ping_status":"open","sticky":false,"template":"","format":"standard","meta":{"footnotes":"","_links_to":"","_links_to_target":""},"categories":[1],"tags":[],"class_list":["post-3212","post","type-post","status-publish","format-standard","hentry","category-geral"],"views":1189,"_links":{"self":[{"href":"https:\/\/www.sudoestehoje.com.br\/novoportal\/wp-json\/wp\/v2\/posts\/3212","targetHints":{"allow":["GET"]}}],"collection":[{"href":"https:\/\/www.sudoestehoje.com.br\/novoportal\/wp-json\/wp\/v2\/posts"}],"about":[{"href":"https:\/\/www.sudoestehoje.com.br\/novoportal\/wp-json\/wp\/v2\/types\/post"}],"author":[{"embeddable":true,"href":"https:\/\/www.sudoestehoje.com.br\/novoportal\/wp-json\/wp\/v2\/users\/2"}],"replies":[{"embeddable":true,"href":"https:\/\/www.sudoestehoje.com.br\/novoportal\/wp-json\/wp\/v2\/comments?post=3212"}],"version-history":[{"count":2,"href":"https:\/\/www.sudoestehoje.com.br\/novoportal\/wp-json\/wp\/v2\/posts\/3212\/revisions"}],"predecessor-version":[{"id":3214,"href":"https:\/\/www.sudoestehoje.com.br\/novoportal\/wp-json\/wp\/v2\/posts\/3212\/revisions\/3214"}],"wp:attachment":[{"href":"https:\/\/www.sudoestehoje.com.br\/novoportal\/wp-json\/wp\/v2\/media?parent=3212"}],"wp:term":[{"taxonomy":"category","embeddable":true,"href":"https:\/\/www.sudoestehoje.com.br\/novoportal\/wp-json\/wp\/v2\/categories?post=3212"},{"taxonomy":"post_tag","embeddable":true,"href":"https:\/\/www.sudoestehoje.com.br\/novoportal\/wp-json\/wp\/v2\/tags?post=3212"}],"curies":[{"name":"wp","href":"https:\/\/api.w.org\/{rel}","templated":true}]}}