
{"id":321,"date":"2010-08-15T18:09:41","date_gmt":"2010-08-15T21:09:41","guid":{"rendered":"http:\/\/sudoestehoje.tempsite.ws\/novoportal\/?p=321"},"modified":"2010-09-18T14:42:37","modified_gmt":"2010-09-18T17:42:37","slug":"perfil-do-candidato-virginia-hagge","status":"publish","type":"post","link":"https:\/\/www.sudoestehoje.com.br\/novoportal\/2010\/08\/15\/perfil-do-candidato-virginia-hagge\/","title":{"rendered":"PERFIL DO CANDIDATO: VIRGINIA HAGGE"},"content":{"rendered":"<div>\n<div style=\"text-align: center;\"><img decoding=\"async\" src=\"http:\/\/www.blogdoanderson.com\/v2\/wp-content\/uploads\/2010\/02\/Virginia-Hagge.jpg\" border=\"0\" alt=\"\" \/><\/div>\n<div>VIRGINIA HAGGE \u00c9 CANDIDATA A DEPUTADA ESTADUAL PELO PMDB<\/div>\n<p>Virg\u00ednia  Alice Almeida Hagge nasceu em Salvador, no dia\u00a010 de fevereiro de 1964.  \u00c9 filha de Michel Jos\u00e9 Hagge Filho e Iracema Almeida Hagge\u00a0e m\u00e3e de  Rodrigo Hagge.Cursou o Prim\u00e1rio na Escola Sossego da Mam\u00e3e, 1971, o  Gin\u00e1sio no Instituto Madre Savina Petrilli, 1978, Itapetinga-BA; o  Secund\u00e1rio no Col\u00e9gio Alfred Nobel, 1983, e Col\u00e9gio Sophia Costa Pinto,  1987, Salvador. Formou-se em Pedagogia pela Universidade Estadual do  Sudoeste da Bahia &#8211; UESB, 2005, Itapetinga. Especializou-se em Gest\u00e3o  Escolar pela Universidade Norte do Paran\u00e1 &#8211; UNOPAR, Itapetinga, 2007.<\/p>\n<p>Em  Itapetinga, exerceu os cargos de diretora da Biblioteca Municipal,  1988-1993, secret\u00e1ria municipal de Cultura, 1993, chefe de gabinete da  prefeitura municipal, 1993-1996, e professora municipal, 1998-2006,<\/p>\n<p>Foi  eleita vereadora em Itapetinga pelo Partido do Movimento Democr\u00e1tico  Brasileiro &#8211; PMDB, 2005-2006.\u00a0Na C\u00e2mara Municipal de Itapetinga, foi  presidente da Mesa Diretora (2005-2006), renunciando ao mandato em  dezembro de 2006, para assumir mandato de deputada estadual, para o qual  foi eleita.\u00a0Na Assembl\u00e9ia Legislativa ocupou os seguintes cargos:  titular das Comiss\u00f5es: Educa\u00e7\u00e3o, Cultura, Ci\u00eancia e Tecnologia e Servi\u00e7o  P\u00fablico (mai.\/out. 2007), Defesa do Consumidor e Rela\u00e7\u00f5es de  Trabalho(2007), Constitui\u00e7\u00e3o e Justi\u00e7a (2008); suplente das Comiss\u00f5es:  Direitos Humanos (mar.\/abr. 2007), Direitos da Mulher (2007-2008).  Atualmente \u00e9 membro titular Comiss\u00e3o de Constitui\u00e7\u00e3o e Justi\u00e7a e  suplente da Comiss\u00e3o de Direitos da Mulher. Proposi\u00e7\u00f5es: Visualize os projetos de resolu\u00e7\u00e3o, projetos de lei e indica\u00e7\u00f5es <a href=\"http:\/\/www.virginiahagge.com.br\/mandato.htm\" target=\"main\"><span style=\"color: #0066cc;\">clicando aqui<\/span><\/a>.\u00a0\u00a0(informa\u00e7\u00f5es colhidas no site da candidata).<\/p>\n<p><span style=\"text-decoration: underline;\">COMENT\u00c1RIOS DO SITE<\/span><\/p>\n<p>Virginia  Hagge concorre agora \u00e0 reelei\u00e7\u00e3o para deputada estadual, pelo PMDB,  tendo como base eleitoral a micro-regi\u00e3o de Itapetinga, mais  precisamente os munic\u00edpios de Itapetinga, Itoror\u00f3, Itamb\u00e9, Macarani,  Itarantin, Caatiba e Potiragu\u00e1, dentre outros. Tendo sido eleita para a  \u00faltima vaga do partido em 2006, com cerca de 27 mil votos, a candidata  disputa agora uma elei\u00e7\u00e3o mais concorrida, necessitando obter cerca de  40 mil votos para se garantir no mandato, miss\u00e3o quase\u00a0imposs\u00edvel,  devido \u00e0 forte concorr\u00eancia dentro da coliga\u00e7\u00e3o e\u00a0o\u00a0substancial decl\u00ednio  do seu grupo\u00a0em Itapetinga,\u00a0principal reduto\u00a0peemedebista na regi\u00e3o.<\/p>\n<p><span style=\"text-decoration: underline;\">PALPITE DO BLOGUEIRO<\/span><\/p>\n<p>Em  Itapetinga, devido \u00e0 falta de assist\u00eancia \u00e0s suas bases e perda de  importantes cabos eleitorais e militantes, Virginia Hagge n\u00e3o repetir\u00e1 a  vota\u00e7\u00e3o da \u00faltima elei\u00e7\u00e3o (10.700 votos), devendo ficar na casa dos <strong>7 mil votos<\/strong>,  na esteira do prest\u00edgio do seu pai, Michel Hagge, e do desgaste  crescente do seu principal advers\u00e1rio, o atual prefeito Jos\u00e9 Carlos  Moura (PT).<\/p>\n<p>Davi Ferraz<\/p>\n<\/div>\n","protected":false},"excerpt":{"rendered":"<p>VIRGINIA HAGGE \u00c9 CANDIDATA A DEPUTADA ESTADUAL PELO PMDB Virg\u00ednia Alice Almeida Hagge nasceu em Salvador, no dia\u00a010 de fevereiro de 1964. \u00c9 filha de Michel Jos\u00e9 Hagge Filho e Iracema Almeida Hagge\u00a0e m\u00e3e de Rodrigo Hagge.Cursou o Prim\u00e1rio na Escola Sossego da Mam\u00e3e, 1971, o Gin\u00e1sio no Instituto Madre Savina Petrilli, 1978, Itapetinga-BA; o [&hellip;]<\/p>\n","protected":false},"author":1,"featured_media":0,"comment_status":"open","ping_status":"open","sticky":false,"template":"","format":"standard","meta":{"footnotes":"","_links_to":"","_links_to_target":""},"categories":[16,4],"tags":[],"class_list":["post-321","post","type-post","status-publish","format-standard","hentry","category-perfil","category-politica"],"views":2279,"_links":{"self":[{"href":"https:\/\/www.sudoestehoje.com.br\/novoportal\/wp-json\/wp\/v2\/posts\/321","targetHints":{"allow":["GET"]}}],"collection":[{"href":"https:\/\/www.sudoestehoje.com.br\/novoportal\/wp-json\/wp\/v2\/posts"}],"about":[{"href":"https:\/\/www.sudoestehoje.com.br\/novoportal\/wp-json\/wp\/v2\/types\/post"}],"author":[{"embeddable":true,"href":"https:\/\/www.sudoestehoje.com.br\/novoportal\/wp-json\/wp\/v2\/users\/1"}],"replies":[{"embeddable":true,"href":"https:\/\/www.sudoestehoje.com.br\/novoportal\/wp-json\/wp\/v2\/comments?post=321"}],"version-history":[{"count":1,"href":"https:\/\/www.sudoestehoje.com.br\/novoportal\/wp-json\/wp\/v2\/posts\/321\/revisions"}],"predecessor-version":[{"id":322,"href":"https:\/\/www.sudoestehoje.com.br\/novoportal\/wp-json\/wp\/v2\/posts\/321\/revisions\/322"}],"wp:attachment":[{"href":"https:\/\/www.sudoestehoje.com.br\/novoportal\/wp-json\/wp\/v2\/media?parent=321"}],"wp:term":[{"taxonomy":"category","embeddable":true,"href":"https:\/\/www.sudoestehoje.com.br\/novoportal\/wp-json\/wp\/v2\/categories?post=321"},{"taxonomy":"post_tag","embeddable":true,"href":"https:\/\/www.sudoestehoje.com.br\/novoportal\/wp-json\/wp\/v2\/tags?post=321"}],"curies":[{"name":"wp","href":"https:\/\/api.w.org\/{rel}","templated":true}]}}