
{"id":31946,"date":"2013-11-07T21:34:26","date_gmt":"2013-11-08T00:34:26","guid":{"rendered":"http:\/\/www.sudoestehoje.com.br\/novoportal\/?p=31946"},"modified":"2013-11-07T21:34:26","modified_gmt":"2013-11-08T00:34:26","slug":"pracinha-do-forro-esta-acabada","status":"publish","type":"post","link":"https:\/\/www.sudoestehoje.com.br\/novoportal\/2013\/11\/07\/pracinha-do-forro-esta-acabada\/","title":{"rendered":"PRACINHA DO FORR\u00d3 EST\u00c1 ACABADA"},"content":{"rendered":"<p><a href=\"http:\/\/www.sudoestehoje.com.br\/novoportal\/wp-content\/uploads\/2013\/11\/112_8773.jpg\"><img loading=\"lazy\" decoding=\"async\" class=\"aligncenter size-medium wp-image-31947\" alt=\"112_8773\" src=\"http:\/\/www.sudoestehoje.com.br\/novoportal\/wp-content\/uploads\/2013\/11\/112_8773-500x281.jpg\" width=\"500\" height=\"281\" srcset=\"https:\/\/www.sudoestehoje.com.br\/novoportal\/wp-content\/uploads\/2013\/11\/112_8773-500x281.jpg 500w, https:\/\/www.sudoestehoje.com.br\/novoportal\/wp-content\/uploads\/2013\/11\/112_8773-700x393.jpg 700w, https:\/\/www.sudoestehoje.com.br\/novoportal\/wp-content\/uploads\/2013\/11\/112_8773.jpg 1920w\" sizes=\"auto, (max-width: 500px) 100vw, 500px\" \/><\/a><\/p>\n<p>ITAPETINGA: A pra\u00e7a do forr\u00f3, no Clodoaldo Costa, \u00e9 um exemplo triste do desprezo que a prefeitura tem demonstrado com as pra\u00e7as, canteiros e jardins da cidade. Pavimentada de pedras portuguesas e paralelos, na gest\u00e3o do ex-prefeito Jos\u00e9 Marcos Gusm\u00e3o, o local est\u00e1 totalmente depredado e servindo de dep\u00f3sito de entulhos e material de obras. A velha quadra, onde eram realizadas as tradicionais festas juninas e forr\u00f3s, tamb\u00e9m est\u00e1 totalmente estragada e necessitando de reparos.<\/p>\n<p><a href=\"http:\/\/www.sudoestehoje.com.br\/novoportal\/wp-content\/uploads\/2013\/11\/112_8774.jpg\"><img loading=\"lazy\" decoding=\"async\" class=\"aligncenter size-medium wp-image-31948\" alt=\"112_8774\" src=\"http:\/\/www.sudoestehoje.com.br\/novoportal\/wp-content\/uploads\/2013\/11\/112_8774-500x281.jpg\" width=\"500\" height=\"281\" srcset=\"https:\/\/www.sudoestehoje.com.br\/novoportal\/wp-content\/uploads\/2013\/11\/112_8774-500x281.jpg 500w, https:\/\/www.sudoestehoje.com.br\/novoportal\/wp-content\/uploads\/2013\/11\/112_8774-700x393.jpg 700w, https:\/\/www.sudoestehoje.com.br\/novoportal\/wp-content\/uploads\/2013\/11\/112_8774.jpg 1920w\" sizes=\"auto, (max-width: 500px) 100vw, 500px\" \/><\/a><\/p>\n<p>Segundo prepostos da prefeitura, a pra\u00e7a dever\u00e1 ser &#8220;reformada&#8221; pela Secretaria de Educa\u00e7\u00e3o, com recursos do FUNDEB, o que \u00e9 totalmente ilegal, pois se trata de logradouro p\u00fablico e n\u00e3o \u00e1rea escolar. \u00c9 por conta desses desvios e outras coisinhas desse tipo, que o prefeito Z\u00e9 Carlos anda em maus len\u00e7\u00f3is com TCM e teve suas contas rejeitadas pelo segundo ano consecutivo.<\/p>\n<p>Basta um bom pedreiro e 2 ajudantes, para que a pracinha seja totalmente reformada, por um custo bem baratinho, n\u00e3o \u00e9 verdade, Dr. Jeremias? Deixem os milh\u00f5es de reais do FUNDEB para serem aplicados na educa\u00e7\u00e3o, que tamb\u00e9m est\u00e1 um baga\u00e7o.<\/p>\n<p><strong><em>Por Davi Ferraz<\/em><\/strong><\/p>\n","protected":false},"excerpt":{"rendered":"<p>ITAPETINGA: A pra\u00e7a do forr\u00f3, no Clodoaldo Costa, \u00e9 um exemplo triste do desprezo que a prefeitura tem demonstrado com as pra\u00e7as, canteiros e jardins da cidade. Pavimentada de pedras portuguesas e paralelos, na gest\u00e3o do ex-prefeito Jos\u00e9 Marcos Gusm\u00e3o, o local est\u00e1 totalmente depredado e servindo de dep\u00f3sito de entulhos e material de obras. [&hellip;]<\/p>\n","protected":false},"author":2,"featured_media":0,"comment_status":"open","ping_status":"open","sticky":false,"template":"","format":"standard","meta":{"footnotes":"","_links_to":"","_links_to_target":""},"categories":[1],"tags":[],"class_list":["post-31946","post","type-post","status-publish","format-standard","hentry","category-geral"],"views":3408,"_links":{"self":[{"href":"https:\/\/www.sudoestehoje.com.br\/novoportal\/wp-json\/wp\/v2\/posts\/31946","targetHints":{"allow":["GET"]}}],"collection":[{"href":"https:\/\/www.sudoestehoje.com.br\/novoportal\/wp-json\/wp\/v2\/posts"}],"about":[{"href":"https:\/\/www.sudoestehoje.com.br\/novoportal\/wp-json\/wp\/v2\/types\/post"}],"author":[{"embeddable":true,"href":"https:\/\/www.sudoestehoje.com.br\/novoportal\/wp-json\/wp\/v2\/users\/2"}],"replies":[{"embeddable":true,"href":"https:\/\/www.sudoestehoje.com.br\/novoportal\/wp-json\/wp\/v2\/comments?post=31946"}],"version-history":[{"count":1,"href":"https:\/\/www.sudoestehoje.com.br\/novoportal\/wp-json\/wp\/v2\/posts\/31946\/revisions"}],"predecessor-version":[{"id":31949,"href":"https:\/\/www.sudoestehoje.com.br\/novoportal\/wp-json\/wp\/v2\/posts\/31946\/revisions\/31949"}],"wp:attachment":[{"href":"https:\/\/www.sudoestehoje.com.br\/novoportal\/wp-json\/wp\/v2\/media?parent=31946"}],"wp:term":[{"taxonomy":"category","embeddable":true,"href":"https:\/\/www.sudoestehoje.com.br\/novoportal\/wp-json\/wp\/v2\/categories?post=31946"},{"taxonomy":"post_tag","embeddable":true,"href":"https:\/\/www.sudoestehoje.com.br\/novoportal\/wp-json\/wp\/v2\/tags?post=31946"}],"curies":[{"name":"wp","href":"https:\/\/api.w.org\/{rel}","templated":true}]}}