
{"id":31903,"date":"2013-11-06T18:58:37","date_gmt":"2013-11-06T21:58:37","guid":{"rendered":"http:\/\/www.sudoestehoje.com.br\/novoportal\/?p=31903"},"modified":"2013-11-06T18:58:37","modified_gmt":"2013-11-06T21:58:37","slug":"fabrica-de-calcados-lia-line-ja-opera-a-todo-vapor-em-itororo","status":"publish","type":"post","link":"https:\/\/www.sudoestehoje.com.br\/novoportal\/2013\/11\/06\/fabrica-de-calcados-lia-line-ja-opera-a-todo-vapor-em-itororo\/","title":{"rendered":"F\u00c1BRICA DE CAL\u00c7ADOS LIA LINE J\u00c1 OPERA A TODO VAPOR EM ITOROR\u00d3"},"content":{"rendered":"<div><a href=\"http:\/\/www.sudoestehoje.com.br\/novoportal\/wp-content\/uploads\/2013\/11\/LIA.jpg\"><img decoding=\"async\" class=\"aligncenter  wp-image-31904\" alt=\"LIA\" src=\"http:\/\/www.sudoestehoje.com.br\/novoportal\/wp-content\/uploads\/2013\/11\/LIA.jpg\" width=\"500\" \/><\/a><\/div>\n<div>A Lia Line, nova f\u00e1brica de cal\u00e7ados instalada no munic\u00edpio de Itoror\u00f3, que come\u00e7ou a operar a partir de 14 de outubro, j\u00e1 j\u00e1 est\u00e1 produzindo a todo vapor. Contando, atualmente, com cerca de setenta funcion\u00e1rio na sua linha de produ\u00e7\u00e3o, a f\u00e1brica continuar\u00e1 aumentando as contrata\u00e7\u00f5es, gradativamente, e a expectativa \u00e9 a de que o quadro chegue a 900 empregos diretos, at\u00e9 2014.<\/div>\n<div><a href=\"http:\/\/www.sudoestehoje.com.br\/novoportal\/wp-content\/uploads\/2013\/11\/LIA-2.jpg\"><img loading=\"lazy\" decoding=\"async\" class=\"aligncenter size-medium wp-image-31906\" alt=\"LIA 2\" src=\"http:\/\/www.sudoestehoje.com.br\/novoportal\/wp-content\/uploads\/2013\/11\/LIA-2-500x333.jpg\" width=\"500\" height=\"333\" srcset=\"https:\/\/www.sudoestehoje.com.br\/novoportal\/wp-content\/uploads\/2013\/11\/LIA-2-500x333.jpg 500w, https:\/\/www.sudoestehoje.com.br\/novoportal\/wp-content\/uploads\/2013\/11\/LIA-2-700x466.jpg 700w, https:\/\/www.sudoestehoje.com.br\/novoportal\/wp-content\/uploads\/2013\/11\/LIA-2.jpg 1600w\" sizes=\"auto, (max-width: 500px) 100vw, 500px\" \/><\/a><\/div>\n<p>Com a inje\u00e7\u00e3o desses novos empregos, \u00a0j\u00e1 se nota uma melhora no com\u00e9rcio local, com expectativas ainda maiores at\u00e9 o m\u00eas de dezembro.\u00a0Uma funcion\u00e1ria da f\u00e1brica agradeceu pessoalmente ao prefeito Marco Brito, por incentivar a instala\u00e7\u00e3o da f\u00e1brica no munic\u00edpio, que n\u00e3o tinha mais esperan\u00e7as devido ao fechamento a Azal\u00e9ia. &#8220;Essa \u00e9 uma oportunidade que mudar\u00e1 a vida de muitas fam\u00edlias de Itoror\u00f3&#8221;, destaca a funcionaria, muito satisfeita com o novo trabalho.<\/p>\n<p><a href=\"http:\/\/www.sudoestehoje.com.br\/novoportal\/wp-content\/uploads\/2013\/11\/LIA-3.jpg\"><img loading=\"lazy\" decoding=\"async\" class=\"aligncenter size-medium wp-image-31907\" alt=\"LIA 3\" src=\"http:\/\/www.sudoestehoje.com.br\/novoportal\/wp-content\/uploads\/2013\/11\/LIA-3-500x333.jpg\" width=\"500\" height=\"333\" srcset=\"https:\/\/www.sudoestehoje.com.br\/novoportal\/wp-content\/uploads\/2013\/11\/LIA-3-500x333.jpg 500w, https:\/\/www.sudoestehoje.com.br\/novoportal\/wp-content\/uploads\/2013\/11\/LIA-3-700x466.jpg 700w, https:\/\/www.sudoestehoje.com.br\/novoportal\/wp-content\/uploads\/2013\/11\/LIA-3.jpg 1600w\" sizes=\"auto, (max-width: 500px) 100vw, 500px\" \/><\/a><\/p>\n<p>Dentre as cidades que perderam sua f\u00e1bricas com o fechamento da Azal\u00e9ia, Itoror\u00f3 \u00e9 a \u00fanica que est\u00e1 conseguindo reverter o quadro de desemprego, gra\u00e7as ao empenho do Prefeito Marco Brito e o Deputado Sergio Brito, respons\u00e1veis pela vinda da Lia Line para o munic\u00edpio. Informa\u00e7\u00f5es do Itoror\u00f3 News<\/p>\n","protected":false},"excerpt":{"rendered":"<p>A Lia Line, nova f\u00e1brica de cal\u00e7ados instalada no munic\u00edpio de Itoror\u00f3, que come\u00e7ou a operar a partir de 14 de outubro, j\u00e1 j\u00e1 est\u00e1 produzindo a todo vapor. Contando, atualmente, com cerca de setenta funcion\u00e1rio na sua linha de produ\u00e7\u00e3o, a f\u00e1brica continuar\u00e1 aumentando as contrata\u00e7\u00f5es, gradativamente, e a expectativa \u00e9 a de que [&hellip;]<\/p>\n","protected":false},"author":2,"featured_media":0,"comment_status":"open","ping_status":"open","sticky":false,"template":"","format":"standard","meta":{"footnotes":"","_links_to":"","_links_to_target":""},"categories":[1],"tags":[],"class_list":["post-31903","post","type-post","status-publish","format-standard","hentry","category-geral"],"views":8915,"_links":{"self":[{"href":"https:\/\/www.sudoestehoje.com.br\/novoportal\/wp-json\/wp\/v2\/posts\/31903","targetHints":{"allow":["GET"]}}],"collection":[{"href":"https:\/\/www.sudoestehoje.com.br\/novoportal\/wp-json\/wp\/v2\/posts"}],"about":[{"href":"https:\/\/www.sudoestehoje.com.br\/novoportal\/wp-json\/wp\/v2\/types\/post"}],"author":[{"embeddable":true,"href":"https:\/\/www.sudoestehoje.com.br\/novoportal\/wp-json\/wp\/v2\/users\/2"}],"replies":[{"embeddable":true,"href":"https:\/\/www.sudoestehoje.com.br\/novoportal\/wp-json\/wp\/v2\/comments?post=31903"}],"version-history":[{"count":2,"href":"https:\/\/www.sudoestehoje.com.br\/novoportal\/wp-json\/wp\/v2\/posts\/31903\/revisions"}],"predecessor-version":[{"id":31908,"href":"https:\/\/www.sudoestehoje.com.br\/novoportal\/wp-json\/wp\/v2\/posts\/31903\/revisions\/31908"}],"wp:attachment":[{"href":"https:\/\/www.sudoestehoje.com.br\/novoportal\/wp-json\/wp\/v2\/media?parent=31903"}],"wp:term":[{"taxonomy":"category","embeddable":true,"href":"https:\/\/www.sudoestehoje.com.br\/novoportal\/wp-json\/wp\/v2\/categories?post=31903"},{"taxonomy":"post_tag","embeddable":true,"href":"https:\/\/www.sudoestehoje.com.br\/novoportal\/wp-json\/wp\/v2\/tags?post=31903"}],"curies":[{"name":"wp","href":"https:\/\/api.w.org\/{rel}","templated":true}]}}