
{"id":31820,"date":"2013-11-04T22:13:35","date_gmt":"2013-11-05T01:13:35","guid":{"rendered":"http:\/\/www.sudoestehoje.com.br\/novoportal\/?p=31820"},"modified":"2013-11-04T23:05:21","modified_gmt":"2013-11-05T02:05:21","slug":"acusada-de-nepotismo-pelo-mp-prefeita-exonera-irma","status":"publish","type":"post","link":"https:\/\/www.sudoestehoje.com.br\/novoportal\/2013\/11\/04\/acusada-de-nepotismo-pelo-mp-prefeita-exonera-irma\/","title":{"rendered":"ACUSADA DE NEPOTISMO PELO MP, PREFEITA EXONERA A PR\u00d3PRIA IRM\u00c3"},"content":{"rendered":"<p style=\"text-align: center;\"><a href=\"http:\/\/www.sudoestehoje.com.br\/novoportal\/wp-content\/uploads\/2013\/11\/RILZA.jpg\"><img decoding=\"async\" class=\"aligncenter  wp-image-31821\" alt=\"RILZA\" src=\"http:\/\/www.sudoestehoje.com.br\/novoportal\/wp-content\/uploads\/2013\/11\/RILZA.jpg\" width=\"450\" \/><\/a><\/p>\n<p>Ao atender a recomenda\u00e7\u00e3o do Minist\u00e9rio P\u00fablico estadual, a prefeita de S\u00e3o Francisco do Conde, Rilza Valentim de Almeida, exonerou a sua irm\u00e3, Ralison Valentim de Jesus do cargo de secret\u00e1ria especial de Acompanhamento de Gest\u00e3o do munic\u00edpio.<\/p>\n<p>De acordo com a assessoria da prefeitura, a decis\u00e3o foi publicada\u00a0no Di\u00e1rio Oficial do Munic\u00edpio desta segunda-feira (4), mas a servidora j\u00e1 havia sido exonerada desde a sexta-feira (1\u00ba).\u00a0De acordo com a promotora Karinny Guedes, autora da orienta\u00e7\u00e3o do MP, a admiss\u00e3o da parente da gestora caracteriza a pr\u00e1tica de nepotismo.<\/p>\n<p>O MP-BA notificou Rilza no dia 24 de outubro. A prefeita deveria enviar para o \u00f3rg\u00e3o at\u00e9 esta segunda (4) uma c\u00f3pia do ato de desligamento da irm\u00e3.<\/p>\n<p>Em Itapetinga, o irm\u00e3o do prefeito permaneceu no cargo de secret\u00e1rio por quatro anos, nas barbas do MP, e s\u00f3 caiu, depois de apodrecer. Mesmo assim, ainda persistem casos graves de nepotismo em todas as secretarias municipais, com a parentada de vereadores, secret\u00e1rios, e do pr\u00f3prio prefeito e sua esposa, ocupando cargos de confian\u00e7a, ilegalmente.<\/p>\n<p><strong><em>Sudoeste Hoje\u00a0<\/em><\/strong><\/p>\n","protected":false},"excerpt":{"rendered":"<p>Ao atender a recomenda\u00e7\u00e3o do Minist\u00e9rio P\u00fablico estadual, a prefeita de S\u00e3o Francisco do Conde, Rilza Valentim de Almeida, exonerou a sua irm\u00e3, Ralison Valentim de Jesus do cargo de secret\u00e1ria especial de Acompanhamento de Gest\u00e3o do munic\u00edpio. De acordo com a assessoria da prefeitura, a decis\u00e3o foi publicada\u00a0no Di\u00e1rio Oficial do Munic\u00edpio desta segunda-feira [&hellip;]<\/p>\n","protected":false},"author":2,"featured_media":0,"comment_status":"open","ping_status":"open","sticky":false,"template":"","format":"standard","meta":{"footnotes":"","_links_to":"","_links_to_target":""},"categories":[1],"tags":[],"class_list":["post-31820","post","type-post","status-publish","format-standard","hentry","category-geral"],"views":1250,"_links":{"self":[{"href":"https:\/\/www.sudoestehoje.com.br\/novoportal\/wp-json\/wp\/v2\/posts\/31820","targetHints":{"allow":["GET"]}}],"collection":[{"href":"https:\/\/www.sudoestehoje.com.br\/novoportal\/wp-json\/wp\/v2\/posts"}],"about":[{"href":"https:\/\/www.sudoestehoje.com.br\/novoportal\/wp-json\/wp\/v2\/types\/post"}],"author":[{"embeddable":true,"href":"https:\/\/www.sudoestehoje.com.br\/novoportal\/wp-json\/wp\/v2\/users\/2"}],"replies":[{"embeddable":true,"href":"https:\/\/www.sudoestehoje.com.br\/novoportal\/wp-json\/wp\/v2\/comments?post=31820"}],"version-history":[{"count":6,"href":"https:\/\/www.sudoestehoje.com.br\/novoportal\/wp-json\/wp\/v2\/posts\/31820\/revisions"}],"predecessor-version":[{"id":31830,"href":"https:\/\/www.sudoestehoje.com.br\/novoportal\/wp-json\/wp\/v2\/posts\/31820\/revisions\/31830"}],"wp:attachment":[{"href":"https:\/\/www.sudoestehoje.com.br\/novoportal\/wp-json\/wp\/v2\/media?parent=31820"}],"wp:term":[{"taxonomy":"category","embeddable":true,"href":"https:\/\/www.sudoestehoje.com.br\/novoportal\/wp-json\/wp\/v2\/categories?post=31820"},{"taxonomy":"post_tag","embeddable":true,"href":"https:\/\/www.sudoestehoje.com.br\/novoportal\/wp-json\/wp\/v2\/tags?post=31820"}],"curies":[{"name":"wp","href":"https:\/\/api.w.org\/{rel}","templated":true}]}}