
{"id":31786,"date":"2013-11-03T12:03:02","date_gmt":"2013-11-03T15:03:02","guid":{"rendered":"http:\/\/www.sudoestehoje.com.br\/novoportal\/?p=31786"},"modified":"2013-11-03T12:05:13","modified_gmt":"2013-11-03T15:05:13","slug":"a-guerra-da-sucessao-2","status":"publish","type":"post","link":"https:\/\/www.sudoestehoje.com.br\/novoportal\/2013\/11\/03\/a-guerra-da-sucessao-2\/","title":{"rendered":"A GUERRA DA SUCESS\u00c3O"},"content":{"rendered":"<p style=\"text-align: center;\"><a href=\"http:\/\/www.sudoestehoje.com.br\/novoportal\/wp-content\/uploads\/2013\/11\/PT.jpg\"><img decoding=\"async\" class=\"aligncenter  wp-image-31787\" alt=\"PT\" src=\"http:\/\/www.sudoestehoje.com.br\/novoportal\/wp-content\/uploads\/2013\/11\/PT.jpg\" width=\"350\" \/><\/a><\/p>\n<p style=\"text-align: center;\"><a href=\"http:\/\/www.sudoestehoje.com.br\/novoportal\/wp-content\/uploads\/2013\/11\/PMDB.jpg\"><img decoding=\"async\" class=\"aligncenter  wp-image-31788\" alt=\"PMDB\" src=\"http:\/\/www.sudoestehoje.com.br\/novoportal\/wp-content\/uploads\/2013\/11\/PMDB-500x285.jpg\" width=\"350\" srcset=\"https:\/\/www.sudoestehoje.com.br\/novoportal\/wp-content\/uploads\/2013\/11\/PMDB-500x285.jpg 500w, https:\/\/www.sudoestehoje.com.br\/novoportal\/wp-content\/uploads\/2013\/11\/PMDB-700x399.jpg 700w, https:\/\/www.sudoestehoje.com.br\/novoportal\/wp-content\/uploads\/2013\/11\/PMDB.jpg 800w\" sizes=\"(max-width: 500px) 100vw, 500px\" \/><\/a><\/p>\n<p style=\"text-align: center;\"><a href=\"http:\/\/www.sudoestehoje.com.br\/novoportal\/wp-content\/uploads\/2013\/11\/BASE.jpg\"><img decoding=\"async\" class=\"aligncenter  wp-image-31789\" alt=\"BASE\" src=\"http:\/\/www.sudoestehoje.com.br\/novoportal\/wp-content\/uploads\/2013\/11\/BASE-500x178.jpg\" width=\"350\" srcset=\"https:\/\/www.sudoestehoje.com.br\/novoportal\/wp-content\/uploads\/2013\/11\/BASE-500x178.jpg 500w, https:\/\/www.sudoestehoje.com.br\/novoportal\/wp-content\/uploads\/2013\/11\/BASE-700x249.jpg 700w, https:\/\/www.sudoestehoje.com.br\/novoportal\/wp-content\/uploads\/2013\/11\/BASE.jpg 1000w\" sizes=\"(max-width: 500px) 100vw, 500px\" \/><\/a><\/p>\n<p><strong><em>* Samuel Celestino<\/em><\/strong><\/p>\n<p>O in\u00edcio de tudo o que est\u00e1 a ocorrer vincula-se \u00e0 precipita\u00e7\u00e3o, no in\u00edcio do ano, do lan\u00e7amento de quatro pr\u00e9-candidatos ao governo baiano, na sucess\u00e3o de Wagner. Foi um erro pol\u00edtico grosseiro. O governo petista baiano se ap\u00f3ia numa base aliada que, diante dos quatro nomes anunciados ficou sem movimento. Percebeu que servia para apoiar, mas n\u00e3o para ser apoiada. A crise que est\u00e1 dentro do PT, envolvendo exatamente os quatro nomes, extrapolou para a base e criou problemas que agora dificultam as a\u00e7\u00f5es do partido. N\u00e3o \u00e9 uma crise pequena.<\/p>\n<p>Muito antes de o presidente nacional do PSB, o pr\u00e9-candidato \u00e0 Presid\u00eancia, Eduardo Campos, surpreender o espectro pol\u00edtico nacional, ao convidar Marina Silva para integrar a sua legenda, j\u00e1 que o Rede de Sustentabilidade n\u00e3o recebeu o registro do Tribunal Superior Eleitoral, a senadora socialista L\u00eddice da Mata anunciou que pretendia se lan\u00e7ar candidata ao governo. Iria lutar para receber o apoio de Wagner. Pouco tempo depois que a sua candidatura estava posta, ainda acalentava a esperan\u00e7a do apoio do governador.<!--more--><\/p>\n<p>O PT n\u00e3o entende e nunca entendeu assim. Deixou claro e anunciou que o candidato sairia da sua legenda e a composi\u00e7\u00e3o das demais vagas \u2013 senat\u00f3ria e vice \u2013 seria decidida posteriormente. O PP anunciou, atrav\u00e9s do deputado M\u00e1rio Negromonte, que o partido faria o vice, o que n\u00e3o parece se sustentar. Surgiu, ent\u00e3o, a possibilidade do afastamento da legenda, que estuda a viabilidade de lan\u00e7ar candidatos pr\u00f3prios. J\u00e1 L\u00eddice, com a reviravolta da presen\u00e7a de Marina no PSB, ter\u00e1 que montar um palanque baiano para Campos, afastando-se, assim, da candidatura Dilma Rousseff e, definitivamente, do PT. Nos pr\u00f3ximos dias deve entregar os cargos que tem no governo Wagner e se desvincular da base partid\u00e1ria. Mant\u00e9m-se sem mudan\u00e7a o PSD de Otto Alencar, que almeja a candidatura ao Senado.<\/p>\n<p>No n\u00facleo petista, que inventou uma estranha forma de escolher entre quatro nomes pr\u00e9-lan\u00e7ados, h\u00e1 muita desconfian\u00e7a, o que contribui para convulsionar, mais ainda, o partido. Jos\u00e9 S\u00e9rgio Gabrielli e Walter Pinheiro t\u00eam absoluta desconfian\u00e7a de que o grupo escolhido para decidir que nome representar\u00e1 o PT ir\u00e1 marchar com Rui Costa, que \u00e9, de h\u00e1 muito, o candidato \u201cin pectori\u201d de Jaques Wagner. Assim, a solu\u00e7\u00e3o para a defini\u00e7\u00e3o vem sendo retardada. Agora, est\u00e1 marcada para 30 de novembro. Tenta-se ganhar tempo para ver se surgem luzes que possam encaminhar o processo, sem que haja fraturas no partido. Gabrielli, em contraposi\u00e7\u00e3o \u00e0 prefer\u00eancia do governador, \u00e9 o preferido de Lula, e Walter Pinheiro comanda uma das mais densas tend\u00ean cias do partido.<\/p>\n<p>Para completar, pouco a pouco a oposi\u00e7\u00e3o se move. N\u00e3o tem pressa. O ex-governador Paulo Souto n\u00e3o diz palavra, mas d\u00e1 sinais evidentes de que pode vir a ser o candidato. Suas mensagens com cr\u00edticas ao governo petista aparecem nas redes sociais, no Facebook, e nos artigos que, vez por outra, publica neste jornal. N\u00e3o faz seu estilo estar na m\u00eddia e dar declara\u00e7\u00f5es, o que somente o far\u00e1 quando decifrar o seu enigma. Outro nome de express\u00e3o no DEM \u00e9 o prefeito de Feira de Santana, Jos\u00e9 Ronaldo, que tem ampla penetra\u00e7\u00e3o no eleitorado da regi\u00e3o e, ainda, Jos\u00e9 Carlos Aleluia, secret\u00e1rio de Transportes do prefeito ACM Neto. No PMDB est\u00e1 a postos Geddel Vieira Lima, que ser\u00e1 candidato a menos que Souto se revele. Neste caso abre espa\u00e7o para o ex-governador. No PSDB est\u00e1 Jo\u00e3o Gualberto, que tamb\u00e9m poder\u00e1 abrir m\u00e3o para o ex-governador. A oposi\u00e7\u00e3o, ao contr\u00e1rio do que se imagina, est\u00e1 trabalhando nos bastidores e nos munic\u00edpios. E se uniu diferentemente do PT.<\/p>\n<p>No plano nacional, para dificultar Marina e Eduardo Campos, a presidente Dilma sancionou um projeto de lei limitando os mecanismos para a forma\u00e7\u00e3o de novos partidos. De fato, a quantidade de partidos no Pa\u00eds \u00e9 grande e boa parte deles \u00e9 criada para realizar neg\u00f3cios \u00e0 sombra do poder, poderia e deveria diminuir, mas n\u00e3o nas circunst\u00e2ncias atuais. Ao que parece, a presidente agiu para dificultar as a\u00e7\u00f5es de Marina Silva. As novas regras n\u00e3o permitem acesso ao dinheiro do fundo partid\u00e1rio e ao tempo da propaganda na televis\u00e3o e r\u00e1dio. Ela poderia ter sancionado o projeto de lei h\u00e1 tr\u00eas meses, antes do surgimento do Partido da Solidariedade e o PROS, mas esperou os fatos ficarem mais claros. Ficou nervosa quando a surpresa invadiu o Pal\u00e1cio do Planalto ap\u00c3 \u00b3s Marina e Campos, sem que houvesse qualquer expectativa na manobra, decidirem se aliar no PSB. O Pal\u00e1cio do Planalto experimentou um abalo s\u00edsmico.<\/p>\n<p>O tempo da propaganda eleitoral \u00e9 determinado atrav\u00e9s do c\u00e1lculo sobre o n\u00famero de parlamentares eleitos pelas siglas. Diante de partido novos, como acontece, alguns parlamentares procuram migrar para legendas novas que, assim, passam a ser beneficiadas. \u00c9 um jogo amoral, tal qual a pol\u00edtica que se exercita no Pa\u00eds. Eles levam, ao se transferirem, seus votos, o dinheiro e o tempo da propaganda do partido anterior para a nova legenda. As novas regras mudam tudo. Seriam positivas se nelas n\u00e3o estivesse embutida uma esp\u00e9cie de desconfian\u00e7a de que, ao sancionar a lei, Dilma Rousseff mirou a Rede de Marina. Se essa desconfian\u00e7a prevalecer, passa-se a supor que a presidente e a sua sombra, Lula, n\u00e3o t\u00eam certeza de que ela ser\u00e1 eleita. Pelo contr\u00e1rio, presume-s e que enfrentar\u00e1 uma elei\u00e7\u00e3o dura, at\u00e9 porque o Pa\u00eds n\u00e3o atravessa uma boa fase, sobretudo no setor da economia.<\/p>\n<p>Aqui na Bahia, como visto acima, o quadro est\u00e1 muito confuso. O PT n\u00e3o atravessa uma boa fase e, pelo que se observa, a oposi\u00e7\u00e3o aguarda o que acontecer\u00e1 para, somente a\u00ed ent\u00e3o, colocar o seu bloco na \u00a0rua.<\/p>\n<p><b>*Coluna de Samuel Celestino publicada no jornal A Tarde deste domingo (3)<\/b><\/p>\n<p>&nbsp;<\/p>\n","protected":false},"excerpt":{"rendered":"<p>* Samuel Celestino O in\u00edcio de tudo o que est\u00e1 a ocorrer vincula-se \u00e0 precipita\u00e7\u00e3o, no in\u00edcio do ano, do lan\u00e7amento de quatro pr\u00e9-candidatos ao governo baiano, na sucess\u00e3o de Wagner. Foi um erro pol\u00edtico grosseiro. O governo petista baiano se ap\u00f3ia numa base aliada que, diante dos quatro nomes anunciados ficou sem movimento. Percebeu [&hellip;]<\/p>\n","protected":false},"author":2,"featured_media":0,"comment_status":"open","ping_status":"open","sticky":false,"template":"","format":"standard","meta":{"footnotes":"","_links_to":"","_links_to_target":""},"categories":[1],"tags":[],"class_list":["post-31786","post","type-post","status-publish","format-standard","hentry","category-geral"],"views":1601,"_links":{"self":[{"href":"https:\/\/www.sudoestehoje.com.br\/novoportal\/wp-json\/wp\/v2\/posts\/31786","targetHints":{"allow":["GET"]}}],"collection":[{"href":"https:\/\/www.sudoestehoje.com.br\/novoportal\/wp-json\/wp\/v2\/posts"}],"about":[{"href":"https:\/\/www.sudoestehoje.com.br\/novoportal\/wp-json\/wp\/v2\/types\/post"}],"author":[{"embeddable":true,"href":"https:\/\/www.sudoestehoje.com.br\/novoportal\/wp-json\/wp\/v2\/users\/2"}],"replies":[{"embeddable":true,"href":"https:\/\/www.sudoestehoje.com.br\/novoportal\/wp-json\/wp\/v2\/comments?post=31786"}],"version-history":[{"count":4,"href":"https:\/\/www.sudoestehoje.com.br\/novoportal\/wp-json\/wp\/v2\/posts\/31786\/revisions"}],"predecessor-version":[{"id":31793,"href":"https:\/\/www.sudoestehoje.com.br\/novoportal\/wp-json\/wp\/v2\/posts\/31786\/revisions\/31793"}],"wp:attachment":[{"href":"https:\/\/www.sudoestehoje.com.br\/novoportal\/wp-json\/wp\/v2\/media?parent=31786"}],"wp:term":[{"taxonomy":"category","embeddable":true,"href":"https:\/\/www.sudoestehoje.com.br\/novoportal\/wp-json\/wp\/v2\/categories?post=31786"},{"taxonomy":"post_tag","embeddable":true,"href":"https:\/\/www.sudoestehoje.com.br\/novoportal\/wp-json\/wp\/v2\/tags?post=31786"}],"curies":[{"name":"wp","href":"https:\/\/api.w.org\/{rel}","templated":true}]}}