
{"id":31772,"date":"2013-11-02T12:13:03","date_gmt":"2013-11-02T15:13:03","guid":{"rendered":"http:\/\/www.sudoestehoje.com.br\/novoportal\/?p=31772"},"modified":"2013-11-02T12:13:03","modified_gmt":"2013-11-02T15:13:03","slug":"dilma-evita-falar-de-relacao-com-pmdb","status":"publish","type":"post","link":"https:\/\/www.sudoestehoje.com.br\/novoportal\/2013\/11\/02\/dilma-evita-falar-de-relacao-com-pmdb\/","title":{"rendered":"DILMA EVITA FALAR DE RELA\u00c7\u00c3O COM PMDB"},"content":{"rendered":"<p><a href=\"http:\/\/www.sudoestehoje.com.br\/novoportal\/wp-content\/uploads\/2013\/11\/DILMA-GEDDEL.jpg\"><img loading=\"lazy\" decoding=\"async\" class=\"aligncenter size-medium wp-image-31774\" alt=\"DILMA GEDDEL\" src=\"http:\/\/www.sudoestehoje.com.br\/novoportal\/wp-content\/uploads\/2013\/11\/DILMA-GEDDEL-500x268.jpg\" width=\"500\" height=\"268\" srcset=\"https:\/\/www.sudoestehoje.com.br\/novoportal\/wp-content\/uploads\/2013\/11\/DILMA-GEDDEL-500x268.jpg 500w, https:\/\/www.sudoestehoje.com.br\/novoportal\/wp-content\/uploads\/2013\/11\/DILMA-GEDDEL.jpg 595w\" sizes=\"auto, (max-width: 500px) 100vw, 500px\" \/><\/a><\/p>\n<p>Em lados opostos no plano estadual, mas unidos na esfera federal, PT e PMDB vivem, na Bahia, uma situa\u00e7\u00e3o pouco usual. A rela\u00e7\u00e3o desgastada \u00e9 complexa ao ponto da presidente da Rep\u00fablica, Dilma Rousseff, evitar tecer coment\u00e1rios sobre o tema.\u00a0Antes da inaugura\u00e7\u00e3o da Via Expressa, Dilma frisou que, independente das posi\u00e7\u00f5es de advers\u00e1rios na Bahia, petistas e peemedebistas fazem parte da pol\u00edtica nacional e que, regionalmente, os partidos devem resolver suas diferen\u00e7as.<\/p>\n<p>\u201cA minha alian\u00e7a federal tem um dinamismo, est\u00e1 formada com base na administra\u00e7\u00e3o das coisas nacionais. \u00c9 \u00f3bvio que os partidos do Brasil n\u00e3o s\u00e3o homog\u00eaneos. Alguns s\u00e3o mais, outros s\u00e3o menos. Esses partidos, que n\u00e3o s\u00e3o homog\u00eaneos, t\u00eam caracter\u00edsticas diferenciadas regionalmente. E t\u00eam din\u00e2micas diferenciadas. Agora, a pol\u00edtica nacional do meu governo se sobrep\u00f5e a qualquer alian\u00e7a regional. O que vale \u00e9 a pol\u00edtica nacional e pol\u00edtica de alian\u00e7a nacional. Se houver problemas que podem interferir na alian\u00e7a nacional, ele vai ser tratado como um problema nacional\u201d, avaliou a presidente em entrevista realizada em conjunto pelas r\u00e1dios Tudo FM e Metr\u00f3pole. Leia mais na\u00a0<a href=\"http:\/\/www.tribunadabahia.com.br\/2013\/11\/02\/dilma-evita-falar-de-relacao-com-pmdb\" target=\"_blank\">Tribuna<\/a>.<\/p>\n","protected":false},"excerpt":{"rendered":"<p>Em lados opostos no plano estadual, mas unidos na esfera federal, PT e PMDB vivem, na Bahia, uma situa\u00e7\u00e3o pouco usual. A rela\u00e7\u00e3o desgastada \u00e9 complexa ao ponto da presidente da Rep\u00fablica, Dilma Rousseff, evitar tecer coment\u00e1rios sobre o tema.\u00a0Antes da inaugura\u00e7\u00e3o da Via Expressa, Dilma frisou que, independente das posi\u00e7\u00f5es de advers\u00e1rios na Bahia, [&hellip;]<\/p>\n","protected":false},"author":2,"featured_media":0,"comment_status":"open","ping_status":"open","sticky":false,"template":"","format":"standard","meta":{"footnotes":"","_links_to":"","_links_to_target":""},"categories":[1],"tags":[],"class_list":["post-31772","post","type-post","status-publish","format-standard","hentry","category-geral"],"views":1497,"_links":{"self":[{"href":"https:\/\/www.sudoestehoje.com.br\/novoportal\/wp-json\/wp\/v2\/posts\/31772","targetHints":{"allow":["GET"]}}],"collection":[{"href":"https:\/\/www.sudoestehoje.com.br\/novoportal\/wp-json\/wp\/v2\/posts"}],"about":[{"href":"https:\/\/www.sudoestehoje.com.br\/novoportal\/wp-json\/wp\/v2\/types\/post"}],"author":[{"embeddable":true,"href":"https:\/\/www.sudoestehoje.com.br\/novoportal\/wp-json\/wp\/v2\/users\/2"}],"replies":[{"embeddable":true,"href":"https:\/\/www.sudoestehoje.com.br\/novoportal\/wp-json\/wp\/v2\/comments?post=31772"}],"version-history":[{"count":2,"href":"https:\/\/www.sudoestehoje.com.br\/novoportal\/wp-json\/wp\/v2\/posts\/31772\/revisions"}],"predecessor-version":[{"id":31775,"href":"https:\/\/www.sudoestehoje.com.br\/novoportal\/wp-json\/wp\/v2\/posts\/31772\/revisions\/31775"}],"wp:attachment":[{"href":"https:\/\/www.sudoestehoje.com.br\/novoportal\/wp-json\/wp\/v2\/media?parent=31772"}],"wp:term":[{"taxonomy":"category","embeddable":true,"href":"https:\/\/www.sudoestehoje.com.br\/novoportal\/wp-json\/wp\/v2\/categories?post=31772"},{"taxonomy":"post_tag","embeddable":true,"href":"https:\/\/www.sudoestehoje.com.br\/novoportal\/wp-json\/wp\/v2\/tags?post=31772"}],"curies":[{"name":"wp","href":"https:\/\/api.w.org\/{rel}","templated":true}]}}