
{"id":31753,"date":"2013-11-01T20:00:38","date_gmt":"2013-11-01T23:00:38","guid":{"rendered":"http:\/\/www.sudoestehoje.com.br\/novoportal\/?p=31753"},"modified":"2013-11-01T20:00:38","modified_gmt":"2013-11-01T23:00:38","slug":"prefeita-de-sao-francisco-do-conde-tera-que-exonerar-irma-ate-segunda","status":"publish","type":"post","link":"https:\/\/www.sudoestehoje.com.br\/novoportal\/2013\/11\/01\/prefeita-de-sao-francisco-do-conde-tera-que-exonerar-irma-ate-segunda\/","title":{"rendered":"PREFEITA DE S\u00c3O FRANCISCO DO CONDE TER\u00c1 QUE EXONERAR IRM\u00c3 AT\u00c9 SEGUNDA"},"content":{"rendered":"<div id=\"attachment_31754\" style=\"width: 460px\" class=\"wp-caption aligncenter\"><a href=\"http:\/\/www.sudoestehoje.com.br\/novoportal\/wp-content\/uploads\/2013\/11\/Rilza-Valentim_bocaonews.jpg\"><img decoding=\"async\" aria-describedby=\"caption-attachment-31754\" class=\" wp-image-31754  \" alt=\"Prefeita petista ter\u00e1 que exonerar irm\u00e3o a mando do MP\" src=\"http:\/\/www.sudoestehoje.com.br\/novoportal\/wp-content\/uploads\/2013\/11\/Rilza-Valentim_bocaonews.jpg\" width=\"450\" \/><\/a><p id=\"caption-attachment-31754\" class=\"wp-caption-text\">Prefeita petista ter\u00e1 que exonerar irm\u00e3, a mando do MP. Foto Boc\u00e3o News<\/p><\/div>\n<p>A prefeita de S\u00e3o Francisco do Conde, Rilza Valentim de Almeida Pena, tem at\u00e9 a pr\u00f3xima segunda-feira (4), para exonerar sua irm\u00e3, Ralison Valentim de Jesus, do cargo de secret\u00e1ria especial de Acompanhamento de Gest\u00e3o da cidade. A sa\u00edda de Ralison foi uma recomenda\u00e7\u00e3o feita pelo Minist\u00e9rio P\u00fablico estadual (MP-BA). De acordo com a promotora Karinny Guedes, autora da orienta\u00e7\u00e3o, a admiss\u00e3o da irm\u00e3 da gestora caracteriza a pr\u00e1tica de nepotismo.<\/p>\n<p>O MP-BA notificou Rilza no dia 24 de outubro. Ela deve enviar para o \u00f3rg\u00e3o at\u00e9 segunda uma c\u00f3pia do ato de desligamento da irm\u00e3. Caso n\u00e3o o fa\u00e7a, a prefeita poder\u00e1 ser responsabilizada civil e administrativamente.<\/p>\n<p>Se configura como nepotismo no \u00e2mbito municipal o exerc\u00edcio de cargos de organiza\u00e7\u00e3o pol\u00edtica por c\u00f4njuges, companheiros ou parentes em linha reta, colateral ou por afinidade, at\u00e9 o terceiro grau, de prefeito; vice-prefeito; secret\u00e1rios municipais, dirigentes de autarquias, funda\u00e7\u00f5es, empresas p\u00fablicas e outros entes da administra\u00e7\u00e3o p\u00fablica indireta; e de membros da C\u00e2mara de Vereadores.<\/p>\n<p>Em Itapetinga, o irm\u00e3o do prefeito Z\u00e9 Carlos exerceu o cargo de Secret\u00e1rio Municipal de Fazenda, por quatro anos, e o MP fez vista grossa, apesar das den\u00fancias da imprensa. Informa\u00e7\u00f5es do Bahia Not\u00edcias<\/p>\n","protected":false},"excerpt":{"rendered":"<p>A prefeita de S\u00e3o Francisco do Conde, Rilza Valentim de Almeida Pena, tem at\u00e9 a pr\u00f3xima segunda-feira (4), para exonerar sua irm\u00e3, Ralison Valentim de Jesus, do cargo de secret\u00e1ria especial de Acompanhamento de Gest\u00e3o da cidade. A sa\u00edda de Ralison foi uma recomenda\u00e7\u00e3o feita pelo Minist\u00e9rio P\u00fablico estadual (MP-BA). De acordo com a promotora [&hellip;]<\/p>\n","protected":false},"author":2,"featured_media":0,"comment_status":"open","ping_status":"open","sticky":false,"template":"","format":"standard","meta":{"footnotes":"","_links_to":"","_links_to_target":""},"categories":[1],"tags":[],"class_list":["post-31753","post","type-post","status-publish","format-standard","hentry","category-geral"],"views":1121,"_links":{"self":[{"href":"https:\/\/www.sudoestehoje.com.br\/novoportal\/wp-json\/wp\/v2\/posts\/31753","targetHints":{"allow":["GET"]}}],"collection":[{"href":"https:\/\/www.sudoestehoje.com.br\/novoportal\/wp-json\/wp\/v2\/posts"}],"about":[{"href":"https:\/\/www.sudoestehoje.com.br\/novoportal\/wp-json\/wp\/v2\/types\/post"}],"author":[{"embeddable":true,"href":"https:\/\/www.sudoestehoje.com.br\/novoportal\/wp-json\/wp\/v2\/users\/2"}],"replies":[{"embeddable":true,"href":"https:\/\/www.sudoestehoje.com.br\/novoportal\/wp-json\/wp\/v2\/comments?post=31753"}],"version-history":[{"count":1,"href":"https:\/\/www.sudoestehoje.com.br\/novoportal\/wp-json\/wp\/v2\/posts\/31753\/revisions"}],"predecessor-version":[{"id":31755,"href":"https:\/\/www.sudoestehoje.com.br\/novoportal\/wp-json\/wp\/v2\/posts\/31753\/revisions\/31755"}],"wp:attachment":[{"href":"https:\/\/www.sudoestehoje.com.br\/novoportal\/wp-json\/wp\/v2\/media?parent=31753"}],"wp:term":[{"taxonomy":"category","embeddable":true,"href":"https:\/\/www.sudoestehoje.com.br\/novoportal\/wp-json\/wp\/v2\/categories?post=31753"},{"taxonomy":"post_tag","embeddable":true,"href":"https:\/\/www.sudoestehoje.com.br\/novoportal\/wp-json\/wp\/v2\/tags?post=31753"}],"curies":[{"name":"wp","href":"https:\/\/api.w.org\/{rel}","templated":true}]}}