
{"id":31748,"date":"2013-11-01T18:31:49","date_gmt":"2013-11-01T21:31:49","guid":{"rendered":"http:\/\/www.sudoestehoje.com.br\/novoportal\/?p=31748"},"modified":"2013-11-01T20:47:59","modified_gmt":"2013-11-01T23:47:59","slug":"merendeiras-vao-parar-no-dia-13","status":"publish","type":"post","link":"https:\/\/www.sudoestehoje.com.br\/novoportal\/2013\/11\/01\/merendeiras-vao-parar-no-dia-13\/","title":{"rendered":"MERENDEIRAS V\u00c3O PARAR NO DIA 13"},"content":{"rendered":"<div id=\"attachment_31749\" style=\"width: 510px\" class=\"wp-caption aligncenter\"><a href=\"http:\/\/www.sudoestehoje.com.br\/novoportal\/wp-content\/uploads\/2013\/11\/merendeiras.jpg\"><img loading=\"lazy\" decoding=\"async\" aria-describedby=\"caption-attachment-31749\" class=\"size-full wp-image-31749\" alt=\"Merendeiras est\u00e3o inconformadas com a 'rasteira' da secret\u00e1ria Sibele\" src=\"http:\/\/www.sudoestehoje.com.br\/novoportal\/wp-content\/uploads\/2013\/11\/merendeiras.jpg\" width=\"500\" height=\"375\" \/><\/a><p id=\"caption-attachment-31749\" class=\"wp-caption-text\">Merendeiras est\u00e3o inconformadas com &#8216;rasteira&#8217; da secret\u00e1ria Sibele. Foto C\u00e9sar Soares<\/p><\/div>\n<p>ITAPETINGA: A dire\u00e7\u00e3o da APLB \u00a0realizou, na tarde desta quinta-feira (31) , uma assembl\u00e9ia com as merendeiras, zeladoras e funcion\u00e1rios de secretarias das escolas municipais, para tratar da crise entre esses funcion\u00e1rios e a secretaria municipal de educa\u00e7\u00e3o. Na assembl\u00e9ia, ficou decidido que os servidores far\u00e3o uma paralisa\u00e7\u00e3o no pr\u00f3ximo dia 13 de novembro, em todas as escolas municipais, para protestar contra o fim do &#8216;turn\u00e3o&#8217; de seis horas, extinto pala nova secret\u00e1ria Sibele Nery.<\/p>\n<p>O \u201cturn\u00e3o\u201d, que vigorava h\u00e1 v\u00e1rios anos, foi suspenso pelo no atual governo, sem pr\u00e9vio aviso nem discuss\u00e3o com os servidores interessados. Muitos dos funcion\u00e1rios que trabalhavam em dois turnos para complementar a renda familiar, foram prejudicados e est\u00e3o inconformados com a atitude da secret\u00e1ria. Do Tribuna de Itapetinga<\/p>\n<p>&nbsp;<\/p>\n","protected":false},"excerpt":{"rendered":"<p>ITAPETINGA: A dire\u00e7\u00e3o da APLB \u00a0realizou, na tarde desta quinta-feira (31) , uma assembl\u00e9ia com as merendeiras, zeladoras e funcion\u00e1rios de secretarias das escolas municipais, para tratar da crise entre esses funcion\u00e1rios e a secretaria municipal de educa\u00e7\u00e3o. Na assembl\u00e9ia, ficou decidido que os servidores far\u00e3o uma paralisa\u00e7\u00e3o no pr\u00f3ximo dia 13 de novembro, em [&hellip;]<\/p>\n","protected":false},"author":2,"featured_media":0,"comment_status":"open","ping_status":"open","sticky":false,"template":"","format":"standard","meta":{"footnotes":"","_links_to":"","_links_to_target":""},"categories":[1],"tags":[],"class_list":["post-31748","post","type-post","status-publish","format-standard","hentry","category-geral"],"views":1249,"_links":{"self":[{"href":"https:\/\/www.sudoestehoje.com.br\/novoportal\/wp-json\/wp\/v2\/posts\/31748","targetHints":{"allow":["GET"]}}],"collection":[{"href":"https:\/\/www.sudoestehoje.com.br\/novoportal\/wp-json\/wp\/v2\/posts"}],"about":[{"href":"https:\/\/www.sudoestehoje.com.br\/novoportal\/wp-json\/wp\/v2\/types\/post"}],"author":[{"embeddable":true,"href":"https:\/\/www.sudoestehoje.com.br\/novoportal\/wp-json\/wp\/v2\/users\/2"}],"replies":[{"embeddable":true,"href":"https:\/\/www.sudoestehoje.com.br\/novoportal\/wp-json\/wp\/v2\/comments?post=31748"}],"version-history":[{"count":4,"href":"https:\/\/www.sudoestehoje.com.br\/novoportal\/wp-json\/wp\/v2\/posts\/31748\/revisions"}],"predecessor-version":[{"id":31762,"href":"https:\/\/www.sudoestehoje.com.br\/novoportal\/wp-json\/wp\/v2\/posts\/31748\/revisions\/31762"}],"wp:attachment":[{"href":"https:\/\/www.sudoestehoje.com.br\/novoportal\/wp-json\/wp\/v2\/media?parent=31748"}],"wp:term":[{"taxonomy":"category","embeddable":true,"href":"https:\/\/www.sudoestehoje.com.br\/novoportal\/wp-json\/wp\/v2\/categories?post=31748"},{"taxonomy":"post_tag","embeddable":true,"href":"https:\/\/www.sudoestehoje.com.br\/novoportal\/wp-json\/wp\/v2\/tags?post=31748"}],"curies":[{"name":"wp","href":"https:\/\/api.w.org\/{rel}","templated":true}]}}