
{"id":31742,"date":"2013-11-01T13:20:19","date_gmt":"2013-11-01T16:20:19","guid":{"rendered":"http:\/\/www.sudoestehoje.com.br\/novoportal\/?p=31742"},"modified":"2013-11-01T13:20:19","modified_gmt":"2013-11-01T16:20:19","slug":"psb-de-lidice-vai-entregar-os-cargos-no-governo-do-estado","status":"publish","type":"post","link":"https:\/\/www.sudoestehoje.com.br\/novoportal\/2013\/11\/01\/psb-de-lidice-vai-entregar-os-cargos-no-governo-do-estado\/","title":{"rendered":"PSB DE L\u00cdDICE VAI ENTREGAR OS CARGOS NO GOVERNO DO ESTADO"},"content":{"rendered":"<div id=\"attachment_31743\" style=\"width: 510px\" class=\"wp-caption aligncenter\"><a href=\"http:\/\/www.sudoestehoje.com.br\/novoportal\/wp-content\/uploads\/2013\/11\/L\u00eddice-da-Mata.jpg\"><img loading=\"lazy\" decoding=\"async\" aria-describedby=\"caption-attachment-31743\" class=\"size-full wp-image-31743\" alt=\"Foto Blog do Anderson\" src=\"http:\/\/www.sudoestehoje.com.br\/novoportal\/wp-content\/uploads\/2013\/11\/L\u00eddice-da-Mata.jpg\" width=\"500\" height=\"373\" \/><\/a><p id=\"caption-attachment-31743\" class=\"wp-caption-text\">Foto Blog do Anderson<\/p><\/div>\n<p>Prov\u00e1vel candidato ao Pal\u00e1cio do Planalto no ano que vem, o governador de Pernambuco, Eduardo Campos, e a ex-ministra de Meio Ambiente, Marina Silva, anunciar\u00e3o juntos, em Salvador, a entrega dos cargos do PSB no governo Jaques Wagner (PT) e o lan\u00e7amento da pr\u00e9-candidatura da senadora L\u00eddice da Mata (PSB) a governadora.\u00a0O evento \u00a0ainda n\u00e3o tem data marcada, mas ser\u00e1 o primeiro movimento pol\u00edtico concreto da dupla.<\/p>\n<p>Segundo dirigentes do cons\u00f3rcio PSB\/Rede, a ideia \u00e9 que o lan\u00e7amento seja feito na abertura do primeiro encontro conjunto dos dois partidos no Nordeste.\u00a0A candidatura de L\u00eddice j\u00e1 era ventilada pelo PSB, mas s\u00f3 foi sacramentada com a chegada de Marina.\u00a0<em>\u201cN\u00f3s vamos deslocar o eixo nacional da Rede de Sustentabilidade para a Bahia\u201d,<\/em>\u00a0afirma Julio Rocha, coordenador da Rede no Estado. Informa\u00e7\u00f5es do Correio.<\/p>\n","protected":false},"excerpt":{"rendered":"<p>Prov\u00e1vel candidato ao Pal\u00e1cio do Planalto no ano que vem, o governador de Pernambuco, Eduardo Campos, e a ex-ministra de Meio Ambiente, Marina Silva, anunciar\u00e3o juntos, em Salvador, a entrega dos cargos do PSB no governo Jaques Wagner (PT) e o lan\u00e7amento da pr\u00e9-candidatura da senadora L\u00eddice da Mata (PSB) a governadora.\u00a0O evento \u00a0ainda n\u00e3o [&hellip;]<\/p>\n","protected":false},"author":2,"featured_media":0,"comment_status":"open","ping_status":"open","sticky":false,"template":"","format":"standard","meta":{"footnotes":"","_links_to":"","_links_to_target":""},"categories":[1],"tags":[],"class_list":["post-31742","post","type-post","status-publish","format-standard","hentry","category-geral"],"views":1261,"_links":{"self":[{"href":"https:\/\/www.sudoestehoje.com.br\/novoportal\/wp-json\/wp\/v2\/posts\/31742","targetHints":{"allow":["GET"]}}],"collection":[{"href":"https:\/\/www.sudoestehoje.com.br\/novoportal\/wp-json\/wp\/v2\/posts"}],"about":[{"href":"https:\/\/www.sudoestehoje.com.br\/novoportal\/wp-json\/wp\/v2\/types\/post"}],"author":[{"embeddable":true,"href":"https:\/\/www.sudoestehoje.com.br\/novoportal\/wp-json\/wp\/v2\/users\/2"}],"replies":[{"embeddable":true,"href":"https:\/\/www.sudoestehoje.com.br\/novoportal\/wp-json\/wp\/v2\/comments?post=31742"}],"version-history":[{"count":1,"href":"https:\/\/www.sudoestehoje.com.br\/novoportal\/wp-json\/wp\/v2\/posts\/31742\/revisions"}],"predecessor-version":[{"id":31744,"href":"https:\/\/www.sudoestehoje.com.br\/novoportal\/wp-json\/wp\/v2\/posts\/31742\/revisions\/31744"}],"wp:attachment":[{"href":"https:\/\/www.sudoestehoje.com.br\/novoportal\/wp-json\/wp\/v2\/media?parent=31742"}],"wp:term":[{"taxonomy":"category","embeddable":true,"href":"https:\/\/www.sudoestehoje.com.br\/novoportal\/wp-json\/wp\/v2\/categories?post=31742"},{"taxonomy":"post_tag","embeddable":true,"href":"https:\/\/www.sudoestehoje.com.br\/novoportal\/wp-json\/wp\/v2\/tags?post=31742"}],"curies":[{"name":"wp","href":"https:\/\/api.w.org\/{rel}","templated":true}]}}