
{"id":31736,"date":"2013-11-01T12:34:54","date_gmt":"2013-11-01T15:34:54","guid":{"rendered":"http:\/\/www.sudoestehoje.com.br\/novoportal\/?p=31736"},"modified":"2013-11-01T12:34:54","modified_gmt":"2013-11-01T15:34:54","slug":"por-sugestao-do-deputado-antonio-brito-governo-federal-cria-pacote-de-medidas-mais-santas-casas","status":"publish","type":"post","link":"https:\/\/www.sudoestehoje.com.br\/novoportal\/2013\/11\/01\/por-sugestao-do-deputado-antonio-brito-governo-federal-cria-pacote-de-medidas-mais-santas-casas\/","title":{"rendered":"POR SUGEST\u00c3O DO DEPUTADO ANT\u00d4NIO BRITO, GOVERNO FEDERAL CRIA PACOTE DE MEDIDAS &#8220;MAIS SANTAS CASAS&#8221;"},"content":{"rendered":"<p><a href=\"http:\/\/www.sudoestehoje.com.br\/novoportal\/wp-content\/uploads\/2013\/11\/Solenidade-em-bras\u00edlia-ministro-Padilha.jpg\"><img loading=\"lazy\" decoding=\"async\" class=\"aligncenter size-medium wp-image-31740\" alt=\"Solenidade-em-bras\u00edlia-ministro-Padilha\" src=\"http:\/\/www.sudoestehoje.com.br\/novoportal\/wp-content\/uploads\/2013\/11\/Solenidade-em-bras\u00edlia-ministro-Padilha-500x321.jpg\" width=\"500\" height=\"321\" srcset=\"https:\/\/www.sudoestehoje.com.br\/novoportal\/wp-content\/uploads\/2013\/11\/Solenidade-em-bras\u00edlia-ministro-Padilha-500x321.jpg 500w, https:\/\/www.sudoestehoje.com.br\/novoportal\/wp-content\/uploads\/2013\/11\/Solenidade-em-bras\u00edlia-ministro-Padilha-700x450.jpg 700w, https:\/\/www.sudoestehoje.com.br\/novoportal\/wp-content\/uploads\/2013\/11\/Solenidade-em-bras\u00edlia-ministro-Padilha.jpg 918w\" sizes=\"auto, (max-width: 500px) 100vw, 500px\" \/><\/a><\/p>\n<p>Durante solenidade hoje no audit\u00f3rio da Organiza\u00e7\u00e3o Pan-Americana\u00a0<span style=\"text-decoration: underline;\">de Sa\u00fade<\/span>, em Bras\u00edlia, o ministro da Sa\u00fade Alexandre Padilha lan\u00e7ou pacote de medidas para ajudar as Santas Casas de Miseric\u00f3rdia e os hospitais filantr\u00f3picos. A grande novidade \u00e9 que as administra\u00e7\u00f5es p\u00fablicas ter\u00e3o, a partir de agora, cinco dias \u00fateis para depositarem as verbas federais nas contas das institui\u00e7\u00f5es ap\u00f3s o\u00a0<span style=\"text-decoration: underline;\">Minist\u00e9rio da Sa\u00fade<\/span>\u00a0creditar os valores.<\/p>\n<p>Se a verba n\u00e3o for repassada at\u00e9 o prazo limite, o minist\u00e9rio suspender\u00e1 a transfer\u00eancia de recursos e o valor ser\u00e1 descontado da conta do estado ou munic\u00edpio inadimplente e repassado para as entidades por outros meios.<\/p>\n<p>Entre as medidas est\u00e3o tamb\u00e9m a revis\u00e3o na\u00a0<span style=\"text-decoration: underline;\">linha de cr\u00e9dito<\/span>\u00a0da Caixa Econ\u00f4mica Federal, que passa a ter prazo de quita\u00e7\u00e3o de 84 para 120 vezes com 1% de juros; a altera\u00e7\u00e3o da lei de certifica\u00e7\u00e3o; o incentivo \u00e0 contratualiza\u00e7\u00e3o; e o Prosus, que \u00e9 a morat\u00f3ria de 15 anos nas d\u00edvidas tribut\u00e1rias das entidades filantr\u00f3picas com isen\u00e7\u00e3o das mesmas para quem pagar os tributos correntes rigorosamente em dia durante o mesmo per\u00edodo, ou seja, a cada ano pago \u00e9 descontado um ano que estava devendo.<\/p>\n<p>Al\u00e9m disso, haver\u00e1 um novo modelo de pagamento dos servi\u00e7os prestados ao SUS, com incentivo. O deputado Antonio Brito (PTB), presidente da Frente Parlamentar das Santas Casas, Hospitais e Entidades Filantr\u00f3picas, foi o principal articulador das medidas e contou com o apoio do Congresso Nacional. Da Ascom<\/p>\n","protected":false},"excerpt":{"rendered":"<p>Durante solenidade hoje no audit\u00f3rio da Organiza\u00e7\u00e3o Pan-Americana\u00a0de Sa\u00fade, em Bras\u00edlia, o ministro da Sa\u00fade Alexandre Padilha lan\u00e7ou pacote de medidas para ajudar as Santas Casas de Miseric\u00f3rdia e os hospitais filantr\u00f3picos. A grande novidade \u00e9 que as administra\u00e7\u00f5es p\u00fablicas ter\u00e3o, a partir de agora, cinco dias \u00fateis para depositarem as verbas federais nas contas [&hellip;]<\/p>\n","protected":false},"author":2,"featured_media":0,"comment_status":"open","ping_status":"open","sticky":false,"template":"","format":"standard","meta":{"footnotes":"","_links_to":"","_links_to_target":""},"categories":[1],"tags":[],"class_list":["post-31736","post","type-post","status-publish","format-standard","hentry","category-geral"],"views":1149,"_links":{"self":[{"href":"https:\/\/www.sudoestehoje.com.br\/novoportal\/wp-json\/wp\/v2\/posts\/31736","targetHints":{"allow":["GET"]}}],"collection":[{"href":"https:\/\/www.sudoestehoje.com.br\/novoportal\/wp-json\/wp\/v2\/posts"}],"about":[{"href":"https:\/\/www.sudoestehoje.com.br\/novoportal\/wp-json\/wp\/v2\/types\/post"}],"author":[{"embeddable":true,"href":"https:\/\/www.sudoestehoje.com.br\/novoportal\/wp-json\/wp\/v2\/users\/2"}],"replies":[{"embeddable":true,"href":"https:\/\/www.sudoestehoje.com.br\/novoportal\/wp-json\/wp\/v2\/comments?post=31736"}],"version-history":[{"count":4,"href":"https:\/\/www.sudoestehoje.com.br\/novoportal\/wp-json\/wp\/v2\/posts\/31736\/revisions"}],"predecessor-version":[{"id":31741,"href":"https:\/\/www.sudoestehoje.com.br\/novoportal\/wp-json\/wp\/v2\/posts\/31736\/revisions\/31741"}],"wp:attachment":[{"href":"https:\/\/www.sudoestehoje.com.br\/novoportal\/wp-json\/wp\/v2\/media?parent=31736"}],"wp:term":[{"taxonomy":"category","embeddable":true,"href":"https:\/\/www.sudoestehoje.com.br\/novoportal\/wp-json\/wp\/v2\/categories?post=31736"},{"taxonomy":"post_tag","embeddable":true,"href":"https:\/\/www.sudoestehoje.com.br\/novoportal\/wp-json\/wp\/v2\/tags?post=31736"}],"curies":[{"name":"wp","href":"https:\/\/api.w.org\/{rel}","templated":true}]}}