
{"id":31722,"date":"2013-11-01T11:24:58","date_gmt":"2013-11-01T14:24:58","guid":{"rendered":"http:\/\/www.sudoestehoje.com.br\/novoportal\/?p=31722"},"modified":"2013-11-01T11:24:58","modified_gmt":"2013-11-01T14:24:58","slug":"para-internautas-copa-do-mundo-e-desperdicio-de-dinheiro","status":"publish","type":"post","link":"https:\/\/www.sudoestehoje.com.br\/novoportal\/2013\/11\/01\/para-internautas-copa-do-mundo-e-desperdicio-de-dinheiro\/","title":{"rendered":"PARA INTERNAUTAS, COPA DO MUNDO \u00c9 DESPERD\u00cdCIO DE DINHEIRO"},"content":{"rendered":"<p><a href=\"http:\/\/www.sudoestehoje.com.br\/novoportal\/wp-content\/uploads\/2013\/11\/COPA.jpeg\"><img loading=\"lazy\" decoding=\"async\" class=\"aligncenter size-medium wp-image-31723\" alt=\"COPA\" src=\"http:\/\/www.sudoestehoje.com.br\/novoportal\/wp-content\/uploads\/2013\/11\/COPA-500x243.jpeg\" width=\"500\" height=\"243\" srcset=\"https:\/\/www.sudoestehoje.com.br\/novoportal\/wp-content\/uploads\/2013\/11\/COPA-500x243.jpeg 500w, https:\/\/www.sudoestehoje.com.br\/novoportal\/wp-content\/uploads\/2013\/11\/COPA.jpeg 620w\" sizes=\"auto, (max-width: 500px) 100vw, 500px\" \/><\/a><\/p>\n<p>Na pesquisa realizada pela plataforma\u00a0on-line\u00a0do Ibope \u2013 Conecta, que foi divulgada durante o lan\u00e7amento do \u201cMundial da Educa\u00e7\u00e3o\u201d, os internautas brasileiros acreditam que a Copa do Mundo de 2014 representa um desperd\u00edcio de dinheiro. O evento aconteceu hoje no Ita\u00fa Cultural, em S\u00e3o Paulo, com a presen\u00e7a de representantes de entidades sociais e empresariais do Pa\u00eds.<\/p>\n<p>A enquete foi feita com 870 entrevistados, sendo que 36% concordam totalmente com a frase \u201cA Copa do Mundo \u00e9 um desperd\u00edcio de dinheiro p\u00fablico\u201d, 31% concordam em parte, 17% n\u00e3o concordam nem discordam, 11% discordam em parte e 6% discordam totalmente.<\/p>\n<p>O \u201cMundial da Educa\u00e7\u00e3o\u201d \u00e9 uma iniciativa que tem como objetivo incentivar as cidades-sede a se transforem em uma grande sala de aula e tornar os investimentos na Copa positivos para o Brasil. A mobiliza\u00e7\u00e3o aceita sugest\u00f5es educativas feitas por professores, estudantes, entidades n\u00e3o governamentais, agentes culturais, prefeituras e qualquer cidad\u00e3o na plataforma digital\u00a0<a href=\"http:\/\/catracalivre.com.br\/sp\/\" target=\"_blank\">Catraca Livre<\/a>.<\/p>\n<p>O movimento tem a ades\u00e3o de parceiros como movimento Todos Pela Educa\u00e7\u00e3o, Unicef, Undime (Uni\u00e3o Nacional dos Dirigentes Municipais de Educa\u00e7\u00e3o), Consed (Conselho Nacional de Secret\u00e1rios Estaduais de Educa\u00e7\u00e3o) e Minist\u00e9rio da Educa\u00e7\u00e3o e conta com o apoio do Ita\u00fa Social, Instituto Inspirare e o grupo educacional Kroton.<\/p>\n<p>O acervo ser\u00e1 mantido na plataforma digital, com uma \u00e1rea independente para cada cidade sede, mas todas integradas num mesmo portal. Toda contribui\u00e7\u00e3o ser\u00e1 avaliada por uma curadoria e depois estar\u00e1 dispon\u00edvel a todos.\u00a0<em>Reda\u00e7\u00e3o Adnews<\/em><\/p>\n","protected":false},"excerpt":{"rendered":"<p>Na pesquisa realizada pela plataforma\u00a0on-line\u00a0do Ibope \u2013 Conecta, que foi divulgada durante o lan\u00e7amento do \u201cMundial da Educa\u00e7\u00e3o\u201d, os internautas brasileiros acreditam que a Copa do Mundo de 2014 representa um desperd\u00edcio de dinheiro. O evento aconteceu hoje no Ita\u00fa Cultural, em S\u00e3o Paulo, com a presen\u00e7a de representantes de entidades sociais e empresariais do [&hellip;]<\/p>\n","protected":false},"author":2,"featured_media":0,"comment_status":"open","ping_status":"open","sticky":false,"template":"","format":"standard","meta":{"footnotes":"","_links_to":"","_links_to_target":""},"categories":[1],"tags":[],"class_list":["post-31722","post","type-post","status-publish","format-standard","hentry","category-geral"],"views":1261,"_links":{"self":[{"href":"https:\/\/www.sudoestehoje.com.br\/novoportal\/wp-json\/wp\/v2\/posts\/31722","targetHints":{"allow":["GET"]}}],"collection":[{"href":"https:\/\/www.sudoestehoje.com.br\/novoportal\/wp-json\/wp\/v2\/posts"}],"about":[{"href":"https:\/\/www.sudoestehoje.com.br\/novoportal\/wp-json\/wp\/v2\/types\/post"}],"author":[{"embeddable":true,"href":"https:\/\/www.sudoestehoje.com.br\/novoportal\/wp-json\/wp\/v2\/users\/2"}],"replies":[{"embeddable":true,"href":"https:\/\/www.sudoestehoje.com.br\/novoportal\/wp-json\/wp\/v2\/comments?post=31722"}],"version-history":[{"count":1,"href":"https:\/\/www.sudoestehoje.com.br\/novoportal\/wp-json\/wp\/v2\/posts\/31722\/revisions"}],"predecessor-version":[{"id":31724,"href":"https:\/\/www.sudoestehoje.com.br\/novoportal\/wp-json\/wp\/v2\/posts\/31722\/revisions\/31724"}],"wp:attachment":[{"href":"https:\/\/www.sudoestehoje.com.br\/novoportal\/wp-json\/wp\/v2\/media?parent=31722"}],"wp:term":[{"taxonomy":"category","embeddable":true,"href":"https:\/\/www.sudoestehoje.com.br\/novoportal\/wp-json\/wp\/v2\/categories?post=31722"},{"taxonomy":"post_tag","embeddable":true,"href":"https:\/\/www.sudoestehoje.com.br\/novoportal\/wp-json\/wp\/v2\/tags?post=31722"}],"curies":[{"name":"wp","href":"https:\/\/api.w.org\/{rel}","templated":true}]}}