
{"id":31719,"date":"2013-11-01T11:42:59","date_gmt":"2013-11-01T14:42:59","guid":{"rendered":"http:\/\/www.sudoestehoje.com.br\/novoportal\/?p=31719"},"modified":"2013-11-01T11:45:28","modified_gmt":"2013-11-01T14:45:28","slug":"vem-ai-a-coleta-seletiva-e-solidaria-de-itapetinga","status":"publish","type":"post","link":"https:\/\/www.sudoestehoje.com.br\/novoportal\/2013\/11\/01\/vem-ai-a-coleta-seletiva-e-solidaria-de-itapetinga\/","title":{"rendered":"COLETA SELETIVA E SOLID\u00c1RIA SER\u00c1 IMPLANTADA EM ITAPETINGA"},"content":{"rendered":"<p style=\"text-align: center;\"><a href=\"http:\/\/www.sudoestehoje.com.br\/novoportal\/wp-content\/uploads\/2013\/11\/100_2327.jpg\"><img decoding=\"async\" class=\"aligncenter  wp-image-31725\" alt=\"100_2327\" src=\"http:\/\/www.sudoestehoje.com.br\/novoportal\/wp-content\/uploads\/2013\/11\/100_2327.jpg\" width=\"500\" \/><\/a><\/p>\n<p>Foi realizada, no final da semana passada, na c\u00e2mara de vereadores, uma reuni\u00e3o para tratar da implementa\u00e7\u00e3o da Coleta Seletiva em Itapetinga. A Reuni\u00e3o foi proposta pela Itair\u00f3 e UESB.\u00a0A ideia era reunir o poder p\u00fablico juntamente com todos aqueles que tem interesse de ver esse servi\u00e7o implantado na Cidade.\u00a0O encontro foi conduzido pelo Reitor em Exerc\u00edcio da UESB Jos\u00e9 Luiz Recc.<\/p>\n<p>O Professor Wellington Freitas (Burreguinho) que fez a apresenta\u00e7\u00e3o do projeto \u00a0destacou a import\u00e2ncia econ\u00f4mica e social da implementa\u00e7\u00e3o do mesmo. Andr\u00e9 Dantas,representando a Itair\u00f3 falou da estrutura que a Cooperativa possui e que isso poderia ser melhor aproveitado pelo munic\u00edpio, por\u00e9m, ressaltou as dificuldade vivida pela institui\u00e7\u00e3o, onde a gest\u00e3o municipal retirou a doa\u00e7\u00e3o do combust\u00edvel e de dois servidores que estavam disponibilizados a Itair\u00f3.<\/p>\n<p style=\"text-align: left;\"><a href=\"http:\/\/www.sudoestehoje.com.br\/novoportal\/wp-content\/uploads\/2013\/11\/100_2352.jpg\"><img decoding=\"async\" class=\"aligncenter  wp-image-31728\" alt=\"100_2352\" src=\"http:\/\/www.sudoestehoje.com.br\/novoportal\/wp-content\/uploads\/2013\/11\/100_2352.jpg\" width=\"500\" \/><\/a><\/p>\n<p>Os Catadores tamb\u00e9m se manifestaram e refor\u00e7aram a import\u00e2ncia do projeto e tamb\u00e9m ratificaram as criticas ao prefeito, por negar apoio a cooperativa. O Secret\u00e1rio Z\u00e9 Renan, presente ao evento, disse que se esfor\u00e7aria para ajudar a implementa\u00e7\u00e3o da coleta, mas n\u00e3o escondeu o seu constrangimento com as criticas a gest\u00e3o municipal.<\/p>\n<p>Ainda estiveram presentes ao evento os vereadores Jo\u00e3o de Deus(PMDB), Neide Pereira(PSL), Marcos Gabrielli (PT), Amaral Junior (PRP) o representante do colegiado territorial Dori de Itamb\u00e9 e da Sr\u00aa. Sara representando a CAR . Ficou decidido pela coordena\u00e7\u00e3o do projeto que ser\u00e1 realizada mais uma reuni\u00e3o para apresenta\u00e7\u00e3o do plano de a\u00e7\u00e3o das atividades propostas.<\/p>\n<p><strong><em>Por Davi Ferraz<\/em><\/strong><\/p>\n","protected":false},"excerpt":{"rendered":"<p>Foi realizada, no final da semana passada, na c\u00e2mara de vereadores, uma reuni\u00e3o para tratar da implementa\u00e7\u00e3o da Coleta Seletiva em Itapetinga. A Reuni\u00e3o foi proposta pela Itair\u00f3 e UESB.\u00a0A ideia era reunir o poder p\u00fablico juntamente com todos aqueles que tem interesse de ver esse servi\u00e7o implantado na Cidade.\u00a0O encontro foi conduzido pelo Reitor [&hellip;]<\/p>\n","protected":false},"author":2,"featured_media":0,"comment_status":"open","ping_status":"open","sticky":false,"template":"","format":"standard","meta":{"footnotes":"","_links_to":"","_links_to_target":""},"categories":[1],"tags":[],"class_list":["post-31719","post","type-post","status-publish","format-standard","hentry","category-geral"],"views":1459,"_links":{"self":[{"href":"https:\/\/www.sudoestehoje.com.br\/novoportal\/wp-json\/wp\/v2\/posts\/31719","targetHints":{"allow":["GET"]}}],"collection":[{"href":"https:\/\/www.sudoestehoje.com.br\/novoportal\/wp-json\/wp\/v2\/posts"}],"about":[{"href":"https:\/\/www.sudoestehoje.com.br\/novoportal\/wp-json\/wp\/v2\/types\/post"}],"author":[{"embeddable":true,"href":"https:\/\/www.sudoestehoje.com.br\/novoportal\/wp-json\/wp\/v2\/users\/2"}],"replies":[{"embeddable":true,"href":"https:\/\/www.sudoestehoje.com.br\/novoportal\/wp-json\/wp\/v2\/comments?post=31719"}],"version-history":[{"count":6,"href":"https:\/\/www.sudoestehoje.com.br\/novoportal\/wp-json\/wp\/v2\/posts\/31719\/revisions"}],"predecessor-version":[{"id":31733,"href":"https:\/\/www.sudoestehoje.com.br\/novoportal\/wp-json\/wp\/v2\/posts\/31719\/revisions\/31733"}],"wp:attachment":[{"href":"https:\/\/www.sudoestehoje.com.br\/novoportal\/wp-json\/wp\/v2\/media?parent=31719"}],"wp:term":[{"taxonomy":"category","embeddable":true,"href":"https:\/\/www.sudoestehoje.com.br\/novoportal\/wp-json\/wp\/v2\/categories?post=31719"},{"taxonomy":"post_tag","embeddable":true,"href":"https:\/\/www.sudoestehoje.com.br\/novoportal\/wp-json\/wp\/v2\/tags?post=31719"}],"curies":[{"name":"wp","href":"https:\/\/api.w.org\/{rel}","templated":true}]}}