
{"id":31701,"date":"2013-11-01T13:29:08","date_gmt":"2013-11-01T16:29:08","guid":{"rendered":"http:\/\/www.sudoestehoje.com.br\/novoportal\/?p=31701"},"modified":"2013-11-01T18:35:12","modified_gmt":"2013-11-01T21:35:12","slug":"ex-vereador-jacy-almeida-e-acusado-de-agredir-mulher-frentista-de-posto","status":"publish","type":"post","link":"https:\/\/www.sudoestehoje.com.br\/novoportal\/2013\/11\/01\/ex-vereador-jacy-almeida-e-acusado-de-agredir-mulher-frentista-de-posto\/","title":{"rendered":"EX-VEREADOR JACY ALMEIDA \u00c9 ACUSADO DE AGREDIR MULHER FRENTISTA DE POSTO"},"content":{"rendered":"<div id=\"attachment_31702\" style=\"width: 464px\" class=\"wp-caption aligncenter\"><a href=\"http:\/\/www.sudoestehoje.com.br\/novoportal\/wp-content\/uploads\/2013\/10\/JACI-ALMEIDA.jpg\"><img loading=\"lazy\" decoding=\"async\" aria-describedby=\"caption-attachment-31702\" class=\"size-full wp-image-31702\" alt=\"Quando vereador, Jacy Almeida foi o &quot;preferido&quot; de Z\u00e9 Carlos para presidir a c\u00e2mara de vereadores.\" src=\"http:\/\/www.sudoestehoje.com.br\/novoportal\/wp-content\/uploads\/2013\/10\/JACI-ALMEIDA.jpg\" width=\"454\" height=\"276\" \/><\/a><p id=\"caption-attachment-31702\" class=\"wp-caption-text\">Quando vereador, Jacy Almeida foi o &#8220;preferido&#8221; de Z\u00e9 Carlos para presidir a c\u00e2mara de vereadores.<\/p><\/div>\n<p>Por volta das 11h50 desta\u00a0 quinta-feira (31) \u00a0a frentista Evelyn Karoline\u00a0 Silva G\u00f3es, de \u00a024 anos, compareceu no Complexo Policial de Itapetinga para registrar um boletim de ocorr\u00eancia contra o pecuarista \u00a0Jacy Almeida\u00a0 Silva. \u00a0Ela contou \u00e0 pol\u00edcia que\u00a0 por volta das 8h30 do \u00faltimo domingo (27),\u00a0 quando se encontrava em seu local de trabalho, um posto de combust\u00edveis localizado na Avenida Cinquenten\u00e1rio, \u00a0repentinamente o acusado, em uma caminhonete Hilux, exigiu que seu veiculo fosse abastecido\u00a0 imediatamente, pois estava com muita pressa.<\/p>\n<p>No boletim de ocorr\u00eancia, a frentista disse ainda que pediu a Jacy \u00a0para aguardar um pouco, porque estava com um abastecimento em andamento.\u00a0 Ainda, segundo a mo\u00e7a, o acusado ficou furioso e deu inicio a v\u00e1rias agress\u00f5es verbais, dizendo: <em>\u201csua cachorra, seu lugar \u00e9 na beira de um rio lavando uma trouxa de roupas; safada dessas achando que \u00e9 gente\u201d.<\/em><\/p>\n<p>Ainda segundo a v\u00edtima, o pecuarista provocou um grande tumulto no local, chegando a dizer\u00a0 que <em>\u201cmulher comigo (ele) \u00e9 na base da espora\u201d.<\/em><\/p>\n<p>O ex-vereador e pecuarista ter\u00e1 que se explicar na Pol\u00edcia Civil nos pr\u00f3ximos dias, lembrando que j\u00e1 respondeu ostro processo judicial por agress\u00e3o e processo em Minas Gerais por homic\u00eddio. \u00a0Com informa\u00e7\u00f5es do\u00a0Bahia Urgente<\/p>\n","protected":false},"excerpt":{"rendered":"<p>Por volta das 11h50 desta\u00a0 quinta-feira (31) \u00a0a frentista Evelyn Karoline\u00a0 Silva G\u00f3es, de \u00a024 anos, compareceu no Complexo Policial de Itapetinga para registrar um boletim de ocorr\u00eancia contra o pecuarista \u00a0Jacy Almeida\u00a0 Silva. \u00a0Ela contou \u00e0 pol\u00edcia que\u00a0 por volta das 8h30 do \u00faltimo domingo (27),\u00a0 quando se encontrava em seu local de trabalho, [&hellip;]<\/p>\n","protected":false},"author":2,"featured_media":0,"comment_status":"open","ping_status":"open","sticky":false,"template":"","format":"standard","meta":{"footnotes":"","_links_to":"","_links_to_target":""},"categories":[1],"tags":[],"class_list":["post-31701","post","type-post","status-publish","format-standard","hentry","category-geral"],"views":1868,"_links":{"self":[{"href":"https:\/\/www.sudoestehoje.com.br\/novoportal\/wp-json\/wp\/v2\/posts\/31701","targetHints":{"allow":["GET"]}}],"collection":[{"href":"https:\/\/www.sudoestehoje.com.br\/novoportal\/wp-json\/wp\/v2\/posts"}],"about":[{"href":"https:\/\/www.sudoestehoje.com.br\/novoportal\/wp-json\/wp\/v2\/types\/post"}],"author":[{"embeddable":true,"href":"https:\/\/www.sudoestehoje.com.br\/novoportal\/wp-json\/wp\/v2\/users\/2"}],"replies":[{"embeddable":true,"href":"https:\/\/www.sudoestehoje.com.br\/novoportal\/wp-json\/wp\/v2\/comments?post=31701"}],"version-history":[{"count":2,"href":"https:\/\/www.sudoestehoje.com.br\/novoportal\/wp-json\/wp\/v2\/posts\/31701\/revisions"}],"predecessor-version":[{"id":31705,"href":"https:\/\/www.sudoestehoje.com.br\/novoportal\/wp-json\/wp\/v2\/posts\/31701\/revisions\/31705"}],"wp:attachment":[{"href":"https:\/\/www.sudoestehoje.com.br\/novoportal\/wp-json\/wp\/v2\/media?parent=31701"}],"wp:term":[{"taxonomy":"category","embeddable":true,"href":"https:\/\/www.sudoestehoje.com.br\/novoportal\/wp-json\/wp\/v2\/categories?post=31701"},{"taxonomy":"post_tag","embeddable":true,"href":"https:\/\/www.sudoestehoje.com.br\/novoportal\/wp-json\/wp\/v2\/tags?post=31701"}],"curies":[{"name":"wp","href":"https:\/\/api.w.org\/{rel}","templated":true}]}}