
{"id":317,"date":"2010-08-16T18:51:00","date_gmt":"2010-08-16T21:51:00","guid":{"rendered":"http:\/\/sudoestehoje.tempsite.ws\/novoportal\/?p=317"},"modified":"2010-09-18T14:40:43","modified_gmt":"2010-09-18T17:40:43","slug":"faltam-politicas-publicas-voltadas-para-os-jovens-reclama-sandro-regis","status":"publish","type":"post","link":"https:\/\/www.sudoestehoje.com.br\/novoportal\/2010\/08\/16\/faltam-politicas-publicas-voltadas-para-os-jovens-reclama-sandro-regis\/","title":{"rendered":"&#8220;FALTAM POL\u00cdTICAS P\u00daBLICAS VOLTADAS PARA OS JOVENS&#8221;, RECLAMA SANDRO R\u00c9GIS"},"content":{"rendered":"<div>\n<p><a rel=\"nofollow\" href=\"http:\/\/www.sandroregis22220.com.br\/wp-content\/uploads\/2010\/08\/sandroregis01.jpg\" target=\"_blank\"><\/a><\/p>\n<p><a rel=\"nofollow\" href=\"http:\/\/www.sandroregis22220.com.br\/wp-content\/uploads\/2010\/08\/sandroregis01.jpg\" target=\"_blank\"><span style=\"color: #e30613; font-size: large;\"><\/p>\n<div style=\"text-align: center;\"><img loading=\"lazy\" decoding=\"async\" title=\"sandroregis01\" src=\"http:\/\/www.sandroregis22220.com.br\/wp-content\/uploads\/2010\/08\/sandroregis01-300x200.jpg\" border=\"0\" alt=\"\" width=\"300\" height=\"200\" \/><\/div>\n<p><\/span><\/a><\/p>\n<p>Conforme  os dados publicados pelo jornal A Tarde de hoje, \u00e9 crescente, em  Salvador, o n\u00famero de crimes cometidos contra jovens e adolescentes.  Esses dados causaram indigna\u00e7\u00e3o no Deputado Estadual Sandro R\u00e9gis. Para o  parlamentar, que \u00e9 candidato a reelei\u00e7\u00e3o, essa \u201csitua\u00e7\u00e3o est\u00e1  insustent\u00e1vel\u201d. Ele acredita que a falta de prioridade do atual gest\u00e3o  estadual \u00e9 a origem para tanta viol\u00eancia. \u201cO governador do estado n\u00e3o se  preocupa em assistir a popula\u00e7\u00e3o baiana. N\u00e3o temos pol\u00edticas que  protejam nossos jovens\u201d.<\/p>\n<p>Dessa forma, ele v\u00ea a necessidade de  aplicar a\u00e7\u00f5es que assistam os jovens baianos, como o toque de acolher,  uma medida implantada, h\u00e1 seis messes, em munic\u00edpios do interior baiano e  que vem surtindo efeito. \u201cCom essa a\u00e7\u00e3o poderemos resguardar os  adolescentes da capital tamb\u00e9m\u201d, afirmou R\u00e9gis.<\/p>\n<p>As cidades de  Santo Est\u00eav\u00e3o, Ipecaet\u00e1 e Ant\u00f4nio Cardoso foram as primeiras a implantar  o toque de acolher, elas tiveram uma significativa redu\u00e7\u00e3o da  ocorr\u00eancias envolvendo jovens, \u201cenquanto Salvador registra a cada  semana, um significativo aumento desses crimes\u201d. \u201cComo essas cidades s\u00e3o  bem menores que nossa capital, acredito que a melhor forma para  implement\u00e1-lo, ser\u00e1 com a implanta\u00e7\u00e3o nos bairros mais populosos e  violentos\u201d, afirmou.<\/p>\n<\/div>\n","protected":false},"excerpt":{"rendered":"<p>Conforme os dados publicados pelo jornal A Tarde de hoje, \u00e9 crescente, em Salvador, o n\u00famero de crimes cometidos contra jovens e adolescentes. Esses dados causaram indigna\u00e7\u00e3o no Deputado Estadual Sandro R\u00e9gis. Para o parlamentar, que \u00e9 candidato a reelei\u00e7\u00e3o, essa \u201csitua\u00e7\u00e3o est\u00e1 insustent\u00e1vel\u201d. Ele acredita que a falta de prioridade do atual gest\u00e3o estadual [&hellip;]<\/p>\n","protected":false},"author":1,"featured_media":0,"comment_status":"open","ping_status":"open","sticky":false,"template":"","format":"standard","meta":{"footnotes":"","_links_to":"","_links_to_target":""},"categories":[1],"tags":[],"class_list":["post-317","post","type-post","status-publish","format-standard","hentry","category-geral"],"views":1306,"_links":{"self":[{"href":"https:\/\/www.sudoestehoje.com.br\/novoportal\/wp-json\/wp\/v2\/posts\/317","targetHints":{"allow":["GET"]}}],"collection":[{"href":"https:\/\/www.sudoestehoje.com.br\/novoportal\/wp-json\/wp\/v2\/posts"}],"about":[{"href":"https:\/\/www.sudoestehoje.com.br\/novoportal\/wp-json\/wp\/v2\/types\/post"}],"author":[{"embeddable":true,"href":"https:\/\/www.sudoestehoje.com.br\/novoportal\/wp-json\/wp\/v2\/users\/1"}],"replies":[{"embeddable":true,"href":"https:\/\/www.sudoestehoje.com.br\/novoportal\/wp-json\/wp\/v2\/comments?post=317"}],"version-history":[{"count":1,"href":"https:\/\/www.sudoestehoje.com.br\/novoportal\/wp-json\/wp\/v2\/posts\/317\/revisions"}],"predecessor-version":[{"id":318,"href":"https:\/\/www.sudoestehoje.com.br\/novoportal\/wp-json\/wp\/v2\/posts\/317\/revisions\/318"}],"wp:attachment":[{"href":"https:\/\/www.sudoestehoje.com.br\/novoportal\/wp-json\/wp\/v2\/media?parent=317"}],"wp:term":[{"taxonomy":"category","embeddable":true,"href":"https:\/\/www.sudoestehoje.com.br\/novoportal\/wp-json\/wp\/v2\/categories?post=317"},{"taxonomy":"post_tag","embeddable":true,"href":"https:\/\/www.sudoestehoje.com.br\/novoportal\/wp-json\/wp\/v2\/tags?post=317"}],"curies":[{"name":"wp","href":"https:\/\/api.w.org\/{rel}","templated":true}]}}