
{"id":31690,"date":"2013-10-31T20:38:25","date_gmt":"2013-10-31T23:38:25","guid":{"rendered":"http:\/\/www.sudoestehoje.com.br\/novoportal\/?p=31690"},"modified":"2013-10-31T20:38:25","modified_gmt":"2013-10-31T23:38:25","slug":"sem-espaco-na-chapa-majoritaria-pp-ameaca-romper-com-wagner","status":"publish","type":"post","link":"https:\/\/www.sudoestehoje.com.br\/novoportal\/2013\/10\/31\/sem-espaco-na-chapa-majoritaria-pp-ameaca-romper-com-wagner\/","title":{"rendered":"SEM ESPA\u00c7O NA CHAPA MAJORIT\u00c1RIA, PP AMEA\u00c7A ROMPER COM WAGNER"},"content":{"rendered":"<div id=\"cke_pastebin\">\n<p style=\"text-align: center;\"><a href=\"http:\/\/www.sudoestehoje.com.br\/novoportal\/wp-content\/uploads\/2013\/10\/NEGROMONTE.jpg\"><img decoding=\"async\" class=\"aligncenter  wp-image-31692\" alt=\"NEGROMONTE\" src=\"http:\/\/www.sudoestehoje.com.br\/novoportal\/wp-content\/uploads\/2013\/10\/NEGROMONTE.jpg\" width=\"400\" \/><\/a><\/p>\n<p>O Partido Progressista, que at\u00e9 pouco tempo atr\u00e1s era tido como escudeiro fiel do governador Jaques Wagner (PT), pode chegar ao ponto de seguir um caminho contr\u00e1rio \u00e0 costura que o chefe do Executivo faz para as elei\u00e7\u00f5es de 2014. Ap\u00f3s garantir que iria apoiar o nome escolhido por Wagner, agora a legenda estuda a possibilidade de solicitar algu\u00e9m de fora do PT ou, at\u00e9 mesmo, apoiar um candidato de fora da base, no caso, a senadora L\u00eddice da Mata (PSB).<\/p>\n<p>Em conversa com o Bahia Not\u00edcias, o presidente estadual do PP, deputado federal M\u00e1rio Negromonte, revelou que ser\u00e1 feita uma consulta a todos os integrantes da sigla na Bahia e a \u201cdecis\u00e3o consensual\u201d ser\u00e1 levada para o governador.<\/p>\n<p>O l\u00edder do PP baiano citou como possibilidades os quatro petistas que tentam ser indicados por Wagner [Rui Costa, Jos\u00e9 S\u00e9rgio Gabrielli, Walter Pinheiro e Luiz Caetano], mas tamb\u00e9m incluiu na lista L\u00eddice e at\u00e9 mesmo o vice-governador Otto Alencar, que j\u00e1 deixou claro que prefere o Senado, decis\u00e3o que j\u00e1 teria sido tomada pelo Pal\u00e1cio de Ondina.<!--more--><\/p>\n<p>Negromonte preferiu n\u00e3o cravar a possibilidade de sa\u00edda do PP da base do governo, mas ressaltou que integrantes do partido est\u00e3o insatisfeitos. \u201cEst\u00e1 havendo uma rea\u00e7\u00e3o da base, com confus\u00e3o, conflito. Cada um quer um [nome para governador]. Como presidente do partido, quero ouvir o que a maioria quer\u201d, disse.<\/p>\n<p>Outros membros do PP consultados pelo BN, incluindo membros do governo que preferiram o anonimato, revelaram que o nome de consenso seria mesmo Otto Alencar, mas j\u00e1 ouviram de todos os lados que o chefe da Casa Civil, Rui Costa, foi escolhido pelo \u201ct\u00e9cnico do time\u201d. Os pepistas tamb\u00e9m ventilaram uma possibilidade que n\u00e3o tinha sido discutida at\u00e9 agora: o pr\u00f3prio governador abrir m\u00e3o do fim do mandato para se candidatar ao Senado. Na costura, Otto tamb\u00e9m sairia do governo para voltar como candidato \u00e0 sucess\u00e3o do chefe e o Pal\u00e1cio de Ondina cairia no colo, por um curto per\u00edodo, do presidente da Assembleia, Marcelo Nilo (PDT).<\/p>\n<p>Vale ressaltar que tal possibilidade deixaria o caminho livre para o PP indicar o vice. As consultas dentro do PP devem durar at\u00e9 dezembro, ap\u00f3s o prazo que o PT definiu para divulgar o nome do candidato \u00e0 sucess\u00e3o de Wagner. Segundo Negromonte, a decis\u00e3o ser\u00e1 levada ao chefe do Executivo \u201cpara ele definir o que prefere\u201d.<\/p>\n<\/div>\n","protected":false},"excerpt":{"rendered":"<p>O Partido Progressista, que at\u00e9 pouco tempo atr\u00e1s era tido como escudeiro fiel do governador Jaques Wagner (PT), pode chegar ao ponto de seguir um caminho contr\u00e1rio \u00e0 costura que o chefe do Executivo faz para as elei\u00e7\u00f5es de 2014. Ap\u00f3s garantir que iria apoiar o nome escolhido por Wagner, agora a legenda estuda a [&hellip;]<\/p>\n","protected":false},"author":2,"featured_media":0,"comment_status":"open","ping_status":"open","sticky":false,"template":"","format":"standard","meta":{"footnotes":"","_links_to":"","_links_to_target":""},"categories":[1],"tags":[],"class_list":["post-31690","post","type-post","status-publish","format-standard","hentry","category-geral"],"views":1122,"_links":{"self":[{"href":"https:\/\/www.sudoestehoje.com.br\/novoportal\/wp-json\/wp\/v2\/posts\/31690","targetHints":{"allow":["GET"]}}],"collection":[{"href":"https:\/\/www.sudoestehoje.com.br\/novoportal\/wp-json\/wp\/v2\/posts"}],"about":[{"href":"https:\/\/www.sudoestehoje.com.br\/novoportal\/wp-json\/wp\/v2\/types\/post"}],"author":[{"embeddable":true,"href":"https:\/\/www.sudoestehoje.com.br\/novoportal\/wp-json\/wp\/v2\/users\/2"}],"replies":[{"embeddable":true,"href":"https:\/\/www.sudoestehoje.com.br\/novoportal\/wp-json\/wp\/v2\/comments?post=31690"}],"version-history":[{"count":2,"href":"https:\/\/www.sudoestehoje.com.br\/novoportal\/wp-json\/wp\/v2\/posts\/31690\/revisions"}],"predecessor-version":[{"id":31693,"href":"https:\/\/www.sudoestehoje.com.br\/novoportal\/wp-json\/wp\/v2\/posts\/31690\/revisions\/31693"}],"wp:attachment":[{"href":"https:\/\/www.sudoestehoje.com.br\/novoportal\/wp-json\/wp\/v2\/media?parent=31690"}],"wp:term":[{"taxonomy":"category","embeddable":true,"href":"https:\/\/www.sudoestehoje.com.br\/novoportal\/wp-json\/wp\/v2\/categories?post=31690"},{"taxonomy":"post_tag","embeddable":true,"href":"https:\/\/www.sudoestehoje.com.br\/novoportal\/wp-json\/wp\/v2\/tags?post=31690"}],"curies":[{"name":"wp","href":"https:\/\/api.w.org\/{rel}","templated":true}]}}