
{"id":3162,"date":"2011-01-22T13:22:06","date_gmt":"2011-01-22T16:22:06","guid":{"rendered":"http:\/\/www.sudoestehoje.com.br\/novoportal\/?p=3162"},"modified":"2011-01-22T13:22:06","modified_gmt":"2011-01-22T16:22:06","slug":"a-esculhambacao-das-aposentadorias","status":"publish","type":"post","link":"https:\/\/www.sudoestehoje.com.br\/novoportal\/2011\/01\/22\/a-esculhambacao-das-aposentadorias\/","title":{"rendered":"A ESCULHAMBA\u00c7\u00c3O DAS APOSENTADORIAS"},"content":{"rendered":"<p style=\"text-align: center;\"><img decoding=\"async\" class=\"aligncenter\" src=\"http:\/\/4.bp.blogspot.com\/_azI7vSSigq4\/S8vL_WMNH0I\/AAAAAAAABCg\/xTtQSLqnUKQ\/s1600\/A-ALVARO-DIAS.jpg\" alt=\"\" \/><\/p>\n<p style=\"text-align: center;\"><strong>O senador \u00c1lvaro Dias disse que &#8216;doou&#8217; sua aposentadoria. Ser\u00e1?<\/strong><\/p>\n<p>\u00a0<\/p>\n<p>A cada dia somos surpreendidos por novas revela\u00e7\u00f5es sobre esta esculhamba\u00e7\u00e3o geral em que se transformou a aposentadoria vital\u00edcia dos governadores, embora a Constitui\u00e7\u00e3o de 1988 tenha eliminado as pens\u00f5es para ex-presidentes da Rep\u00fablica.<\/p>\n<p>A lei? Ora a lei\u2026 Pelo que estamos sendo informados, cada Estado fez a sua pr\u00f3pria lei e teve gente que criou uma em benef\u00edcio pr\u00f3prio, como o ex-deputado estadual Humberto Bosaipo (DEM), que governou o Mato Grosso por apenas dez dias e recebe R$ 15 mil de aposentadoria por m\u00eas.<\/p>\n<p>Os casos se multiplicam pelo pa\u00eds: segundo levantamento da Folha, j\u00e1 s\u00e3o 135 beneficiados entre ex-governadores e vi\u00favas, em 18 Estados, o que representa um gasto anual de mais de 31 milh\u00f5es de reais e permitiria incluir mais 38 mil fam\u00edlias no Bolsa Fam\u00edlia.<\/p>\n<p>Teve cidad\u00e3o que governou por apenas 39 dias no Paran\u00e1, presidentes de Assembl\u00e9ias Legislativas que assumiram interinamente durante as viagens do titular, um outro que recebe duas pens\u00f5es vital\u00edcias porque o Estado do Mato Grosso foi dividido.<\/p>\n<p>Tem de tudo, ningu\u00e9m quer ficar de fora da boquinha. A campe\u00e3 \u00e9 a vi\u00fava de Leonel Brizola, Mar\u00edlia Guilhermina Martins Pinheiro, que acumula as pens\u00f5es do Rio de Janeiro e do Rio Grande do Sul, totalizando R$ 41 mil.<\/p>\n<p>Agora, j\u00e1 tem at\u00e9 ilustres figuras do atual Senado, daquelas sempre muito preocupadas com a moralidade p\u00fablica, como o franciscano Pedro Simon, ex-governador do Rio Grande do Sul, e o tucano \u00c1lvaro Dias, do Paran\u00e1, tamb\u00e9m querendo a sua parte.<\/p>\n<p>Leia a \u00edntegra do artigo em\u00a0<a href=\"http:\/\/colunistas.ig.com.br\/ricardokotscho\/2011\/01\/21\/a-esculhambacao-das-aposentadorias\/\" target=\"_blank\">A esculhamba\u00e7\u00e3o das aposentadorias<\/a>\u00a0no <strong>Blog Balaio do Kotscho<\/strong><\/p>\n","protected":false},"excerpt":{"rendered":"<p>O senador \u00c1lvaro Dias disse que &#8216;doou&#8217; sua aposentadoria. Ser\u00e1? \u00a0 A cada dia somos surpreendidos por novas revela\u00e7\u00f5es sobre esta esculhamba\u00e7\u00e3o geral em que se transformou a aposentadoria vital\u00edcia dos governadores, embora a Constitui\u00e7\u00e3o de 1988 tenha eliminado as pens\u00f5es para ex-presidentes da Rep\u00fablica. A lei? Ora a lei\u2026 Pelo que estamos sendo informados, [&hellip;]<\/p>\n","protected":false},"author":2,"featured_media":0,"comment_status":"open","ping_status":"open","sticky":false,"template":"","format":"standard","meta":{"footnotes":"","_links_to":"","_links_to_target":""},"categories":[1],"tags":[],"class_list":["post-3162","post","type-post","status-publish","format-standard","hentry","category-geral"],"views":1281,"_links":{"self":[{"href":"https:\/\/www.sudoestehoje.com.br\/novoportal\/wp-json\/wp\/v2\/posts\/3162","targetHints":{"allow":["GET"]}}],"collection":[{"href":"https:\/\/www.sudoestehoje.com.br\/novoportal\/wp-json\/wp\/v2\/posts"}],"about":[{"href":"https:\/\/www.sudoestehoje.com.br\/novoportal\/wp-json\/wp\/v2\/types\/post"}],"author":[{"embeddable":true,"href":"https:\/\/www.sudoestehoje.com.br\/novoportal\/wp-json\/wp\/v2\/users\/2"}],"replies":[{"embeddable":true,"href":"https:\/\/www.sudoestehoje.com.br\/novoportal\/wp-json\/wp\/v2\/comments?post=3162"}],"version-history":[{"count":3,"href":"https:\/\/www.sudoestehoje.com.br\/novoportal\/wp-json\/wp\/v2\/posts\/3162\/revisions"}],"predecessor-version":[{"id":3165,"href":"https:\/\/www.sudoestehoje.com.br\/novoportal\/wp-json\/wp\/v2\/posts\/3162\/revisions\/3165"}],"wp:attachment":[{"href":"https:\/\/www.sudoestehoje.com.br\/novoportal\/wp-json\/wp\/v2\/media?parent=3162"}],"wp:term":[{"taxonomy":"category","embeddable":true,"href":"https:\/\/www.sudoestehoje.com.br\/novoportal\/wp-json\/wp\/v2\/categories?post=3162"},{"taxonomy":"post_tag","embeddable":true,"href":"https:\/\/www.sudoestehoje.com.br\/novoportal\/wp-json\/wp\/v2\/tags?post=3162"}],"curies":[{"name":"wp","href":"https:\/\/api.w.org\/{rel}","templated":true}]}}