
{"id":31617,"date":"2013-10-28T20:22:24","date_gmt":"2013-10-28T23:22:24","guid":{"rendered":"http:\/\/www.sudoestehoje.com.br\/novoportal\/?p=31617"},"modified":"2013-10-28T20:22:24","modified_gmt":"2013-10-28T23:22:24","slug":"jorge-solla-tambem-e-pre-candidato-do-pt-ao-governo-do-estado","status":"publish","type":"post","link":"https:\/\/www.sudoestehoje.com.br\/novoportal\/2013\/10\/28\/jorge-solla-tambem-e-pre-candidato-do-pt-ao-governo-do-estado\/","title":{"rendered":"JORGE SOLLA TAMB\u00c9M \u00c9 PR\u00c9-CANDIDATO DO PT AO GOVERNO DO ESTADO"},"content":{"rendered":"<p><a href=\"http:\/\/www.sudoestehoje.com.br\/novoportal\/wp-content\/uploads\/2013\/10\/SOLLA-PRE.jpg\"><img loading=\"lazy\" decoding=\"async\" class=\"aligncenter size-full wp-image-31618\" alt=\"SOLLA PRE\" src=\"http:\/\/www.sudoestehoje.com.br\/novoportal\/wp-content\/uploads\/2013\/10\/SOLLA-PRE.jpg\" width=\"400\" height=\"269\" \/><\/a><\/p>\n<p>Na semana passada v\u00e1rias pessoas receberam um e-mail com extenso texto defendendo a pr\u00e9-candidatura do secret\u00e1rio estadual de sa\u00fade, Jorge Solla, para o Governo do Estado.<\/p>\n<p>Cumprindo agenda em Vit\u00f3ria da Conquista nesta segunda-feira (28) o chefe da pasta comentou sobre o assunto.<\/p>\n<p>\u201cFiquei sabendo disso e o que eu tenho a dizer \u00e9 que a responsabilidade \u00e9 muito grande. Estou a disposi\u00e7\u00e3o, pois sou um membro do Governo Estadual e militante do Partido dos Trabalhadores. O momento \u00e9 de muito trabalho em busca de projetos para a sa\u00fade de todas as cidades da Bahia\u201d, revela. Blog do Rodrigo Ferraz<\/p>\n","protected":false},"excerpt":{"rendered":"<p>Na semana passada v\u00e1rias pessoas receberam um e-mail com extenso texto defendendo a pr\u00e9-candidatura do secret\u00e1rio estadual de sa\u00fade, Jorge Solla, para o Governo do Estado. Cumprindo agenda em Vit\u00f3ria da Conquista nesta segunda-feira (28) o chefe da pasta comentou sobre o assunto. \u201cFiquei sabendo disso e o que eu tenho a dizer \u00e9 que [&hellip;]<\/p>\n","protected":false},"author":2,"featured_media":0,"comment_status":"open","ping_status":"open","sticky":false,"template":"","format":"standard","meta":{"footnotes":"","_links_to":"","_links_to_target":""},"categories":[1],"tags":[],"class_list":["post-31617","post","type-post","status-publish","format-standard","hentry","category-geral"],"views":1294,"_links":{"self":[{"href":"https:\/\/www.sudoestehoje.com.br\/novoportal\/wp-json\/wp\/v2\/posts\/31617","targetHints":{"allow":["GET"]}}],"collection":[{"href":"https:\/\/www.sudoestehoje.com.br\/novoportal\/wp-json\/wp\/v2\/posts"}],"about":[{"href":"https:\/\/www.sudoestehoje.com.br\/novoportal\/wp-json\/wp\/v2\/types\/post"}],"author":[{"embeddable":true,"href":"https:\/\/www.sudoestehoje.com.br\/novoportal\/wp-json\/wp\/v2\/users\/2"}],"replies":[{"embeddable":true,"href":"https:\/\/www.sudoestehoje.com.br\/novoportal\/wp-json\/wp\/v2\/comments?post=31617"}],"version-history":[{"count":1,"href":"https:\/\/www.sudoestehoje.com.br\/novoportal\/wp-json\/wp\/v2\/posts\/31617\/revisions"}],"predecessor-version":[{"id":31619,"href":"https:\/\/www.sudoestehoje.com.br\/novoportal\/wp-json\/wp\/v2\/posts\/31617\/revisions\/31619"}],"wp:attachment":[{"href":"https:\/\/www.sudoestehoje.com.br\/novoportal\/wp-json\/wp\/v2\/media?parent=31617"}],"wp:term":[{"taxonomy":"category","embeddable":true,"href":"https:\/\/www.sudoestehoje.com.br\/novoportal\/wp-json\/wp\/v2\/categories?post=31617"},{"taxonomy":"post_tag","embeddable":true,"href":"https:\/\/www.sudoestehoje.com.br\/novoportal\/wp-json\/wp\/v2\/tags?post=31617"}],"curies":[{"name":"wp","href":"https:\/\/api.w.org\/{rel}","templated":true}]}}