
{"id":31573,"date":"2013-10-27T21:10:50","date_gmt":"2013-10-28T00:10:50","guid":{"rendered":"http:\/\/www.sudoestehoje.com.br\/novoportal\/?p=31573"},"modified":"2013-10-27T21:11:24","modified_gmt":"2013-10-28T00:11:24","slug":"caic-aos-pedacos","status":"publish","type":"post","link":"https:\/\/www.sudoestehoje.com.br\/novoportal\/2013\/10\/27\/caic-aos-pedacos\/","title":{"rendered":"O CAIC EST\u00c1 CAINDO AOS PEDA\u00c7OS"},"content":{"rendered":"<div id=\"attachment_31574\" style=\"width: 510px\" class=\"wp-caption aligncenter\"><a href=\"http:\/\/www.sudoestehoje.com.br\/novoportal\/wp-content\/uploads\/2013\/10\/fog\u00e3o.jpg\"><img loading=\"lazy\" decoding=\"async\" aria-describedby=\"caption-attachment-31574\" class=\"size-medium wp-image-31574\" alt=\"Quando a imprensa posta mat\u00e9rias a respeito do sucateamento do CAIC, a rea\u00e7\u00e3o \u00e9 enorme por parte da sua dire\u00e7\u00e3o, que, para n\u00e3o contrariar ordens superiores, nega tudo. Confira a\u00ed a situa\u00e7\u00e3o do fog\u00e3o industrial adquirido em 1996, que est\u00e1 aos peda\u00e7os, escorado por blocos cer\u00e2micos, por falta de manuten\u00e7\u00e3o. Esperamos que a dire\u00e7\u00e3o do CAIC e a Secretaria Municipal de Educa\u00e7\u00e3o tenham uma boa explica\u00e7\u00e3o para isto. S\u00f3 n\u00e3o vale colocar a culpa nos ex-gestores. Foto Tarug\u00e3o Barreira\" src=\"http:\/\/www.sudoestehoje.com.br\/novoportal\/wp-content\/uploads\/2013\/10\/fog\u00e3o-500x375.jpg\" width=\"500\" height=\"375\" srcset=\"https:\/\/www.sudoestehoje.com.br\/novoportal\/wp-content\/uploads\/2013\/10\/fog\u00e3o-500x375.jpg 500w, https:\/\/www.sudoestehoje.com.br\/novoportal\/wp-content\/uploads\/2013\/10\/fog\u00e3o-700x525.jpg 700w, https:\/\/www.sudoestehoje.com.br\/novoportal\/wp-content\/uploads\/2013\/10\/fog\u00e3o.jpg 717w\" sizes=\"auto, (max-width: 500px) 100vw, 500px\" \/><\/a><p id=\"caption-attachment-31574\" class=\"wp-caption-text\">Quando a imprensa posta mat\u00e9rias a respeito do sucateamento do CAIC, a rea\u00e7\u00e3o \u00e9 enorme por parte da sua dire\u00e7\u00e3o, que, para n\u00e3o contrariar ordens superiores, nega tudo. Confira a\u00ed a situa\u00e7\u00e3o do fog\u00e3o industrial adquirido em 1996, que est\u00e1 caindo aos peda\u00e7os e escorado por blocos cer\u00e2micos, por falta de manuten\u00e7\u00e3o. Esperamos que a dire\u00e7\u00e3o do CAIC e a Secretaria Municipal de Educa\u00e7\u00e3o tenham uma boa explica\u00e7\u00e3o para isto. S\u00f3 n\u00e3o vale colocar a culpa nos ex-gestores. Foto Tarug\u00e3o Barreira<\/p><\/div>\n","protected":false},"excerpt":{"rendered":"","protected":false},"author":2,"featured_media":0,"comment_status":"open","ping_status":"open","sticky":false,"template":"","format":"standard","meta":{"footnotes":"","_links_to":"","_links_to_target":""},"categories":[1],"tags":[],"class_list":["post-31573","post","type-post","status-publish","format-standard","hentry","category-geral"],"views":1796,"_links":{"self":[{"href":"https:\/\/www.sudoestehoje.com.br\/novoportal\/wp-json\/wp\/v2\/posts\/31573","targetHints":{"allow":["GET"]}}],"collection":[{"href":"https:\/\/www.sudoestehoje.com.br\/novoportal\/wp-json\/wp\/v2\/posts"}],"about":[{"href":"https:\/\/www.sudoestehoje.com.br\/novoportal\/wp-json\/wp\/v2\/types\/post"}],"author":[{"embeddable":true,"href":"https:\/\/www.sudoestehoje.com.br\/novoportal\/wp-json\/wp\/v2\/users\/2"}],"replies":[{"embeddable":true,"href":"https:\/\/www.sudoestehoje.com.br\/novoportal\/wp-json\/wp\/v2\/comments?post=31573"}],"version-history":[{"count":2,"href":"https:\/\/www.sudoestehoje.com.br\/novoportal\/wp-json\/wp\/v2\/posts\/31573\/revisions"}],"predecessor-version":[{"id":31576,"href":"https:\/\/www.sudoestehoje.com.br\/novoportal\/wp-json\/wp\/v2\/posts\/31573\/revisions\/31576"}],"wp:attachment":[{"href":"https:\/\/www.sudoestehoje.com.br\/novoportal\/wp-json\/wp\/v2\/media?parent=31573"}],"wp:term":[{"taxonomy":"category","embeddable":true,"href":"https:\/\/www.sudoestehoje.com.br\/novoportal\/wp-json\/wp\/v2\/categories?post=31573"},{"taxonomy":"post_tag","embeddable":true,"href":"https:\/\/www.sudoestehoje.com.br\/novoportal\/wp-json\/wp\/v2\/tags?post=31573"}],"curies":[{"name":"wp","href":"https:\/\/api.w.org\/{rel}","templated":true}]}}