
{"id":31570,"date":"2013-10-27T20:20:52","date_gmt":"2013-10-27T23:20:52","guid":{"rendered":"http:\/\/www.sudoestehoje.com.br\/novoportal\/?p=31570"},"modified":"2013-10-27T20:20:52","modified_gmt":"2013-10-27T23:20:52","slug":"helicoptero-cai-em-ilheus","status":"publish","type":"post","link":"https:\/\/www.sudoestehoje.com.br\/novoportal\/2013\/10\/27\/helicoptero-cai-em-ilheus\/","title":{"rendered":"HELIC\u00d3PTERO CAI EM ILH\u00c9US"},"content":{"rendered":"<p><a href=\"http:\/\/www.sudoestehoje.com.br\/novoportal\/wp-content\/uploads\/2013\/10\/Queda-de-Helic\u00f3ptero-foto-Jos\u00e9-Nazal.jpg\"><img loading=\"lazy\" decoding=\"async\" class=\"aligncenter size-medium wp-image-31571\" alt=\"Queda-de-Helic\u00f3ptero-foto-Jos\u00e9-Nazal\" src=\"http:\/\/www.sudoestehoje.com.br\/novoportal\/wp-content\/uploads\/2013\/10\/Queda-de-Helic\u00f3ptero-foto-Jos\u00e9-Nazal-500x329.jpg\" width=\"500\" height=\"329\" srcset=\"https:\/\/www.sudoestehoje.com.br\/novoportal\/wp-content\/uploads\/2013\/10\/Queda-de-Helic\u00f3ptero-foto-Jos\u00e9-Nazal-500x329.jpg 500w, https:\/\/www.sudoestehoje.com.br\/novoportal\/wp-content\/uploads\/2013\/10\/Queda-de-Helic\u00f3ptero-foto-Jos\u00e9-Nazal.jpg 550w\" sizes=\"auto, (max-width: 500px) 100vw, 500px\" \/><\/a><\/p>\n<p>Um helic\u00f3ptero (prefixo PT-HZO) caiu por volta das 16h50min na cabeceira 29 do aeroporto Jorge Amado, em Ilh\u00e9us. O fot\u00f3grafo Jos\u00e9 Nazal, que estava na regi\u00e3o da Avenida Soares Lopes, conta que aeronave sobrevoara esta parte da cidade antes do acidente e o barulho do motor n\u00e3o parecia normal.<\/p>\n<p>Bombeiros foram acionados e j\u00e1 est\u00e3o na pista do aeroporto. As primeiras informa\u00e7\u00f5es s\u00e3o de que o helic\u00f3ptero era ocupado por tr\u00eas pessoas. Elas foram socorridas, mas, aparentemente, sem maior gravidade, conforme relato do fot\u00f3grafo Sandro Andrade em sua p\u00e1gina no Facebook. As opera\u00e7\u00f5es no aeroporto est\u00e3o, temporariamente, suspensas. Do Pimenta<\/p>\n","protected":false},"excerpt":{"rendered":"<p>Um helic\u00f3ptero (prefixo PT-HZO) caiu por volta das 16h50min na cabeceira 29 do aeroporto Jorge Amado, em Ilh\u00e9us. O fot\u00f3grafo Jos\u00e9 Nazal, que estava na regi\u00e3o da Avenida Soares Lopes, conta que aeronave sobrevoara esta parte da cidade antes do acidente e o barulho do motor n\u00e3o parecia normal. Bombeiros foram acionados e j\u00e1 est\u00e3o [&hellip;]<\/p>\n","protected":false},"author":2,"featured_media":0,"comment_status":"open","ping_status":"open","sticky":false,"template":"","format":"standard","meta":{"footnotes":"","_links_to":"","_links_to_target":""},"categories":[1],"tags":[],"class_list":["post-31570","post","type-post","status-publish","format-standard","hentry","category-geral"],"views":1084,"_links":{"self":[{"href":"https:\/\/www.sudoestehoje.com.br\/novoportal\/wp-json\/wp\/v2\/posts\/31570","targetHints":{"allow":["GET"]}}],"collection":[{"href":"https:\/\/www.sudoestehoje.com.br\/novoportal\/wp-json\/wp\/v2\/posts"}],"about":[{"href":"https:\/\/www.sudoestehoje.com.br\/novoportal\/wp-json\/wp\/v2\/types\/post"}],"author":[{"embeddable":true,"href":"https:\/\/www.sudoestehoje.com.br\/novoportal\/wp-json\/wp\/v2\/users\/2"}],"replies":[{"embeddable":true,"href":"https:\/\/www.sudoestehoje.com.br\/novoportal\/wp-json\/wp\/v2\/comments?post=31570"}],"version-history":[{"count":1,"href":"https:\/\/www.sudoestehoje.com.br\/novoportal\/wp-json\/wp\/v2\/posts\/31570\/revisions"}],"predecessor-version":[{"id":31572,"href":"https:\/\/www.sudoestehoje.com.br\/novoportal\/wp-json\/wp\/v2\/posts\/31570\/revisions\/31572"}],"wp:attachment":[{"href":"https:\/\/www.sudoestehoje.com.br\/novoportal\/wp-json\/wp\/v2\/media?parent=31570"}],"wp:term":[{"taxonomy":"category","embeddable":true,"href":"https:\/\/www.sudoestehoje.com.br\/novoportal\/wp-json\/wp\/v2\/categories?post=31570"},{"taxonomy":"post_tag","embeddable":true,"href":"https:\/\/www.sudoestehoje.com.br\/novoportal\/wp-json\/wp\/v2\/tags?post=31570"}],"curies":[{"name":"wp","href":"https:\/\/api.w.org\/{rel}","templated":true}]}}