
{"id":31559,"date":"2013-10-27T13:55:07","date_gmt":"2013-10-27T16:55:07","guid":{"rendered":"http:\/\/www.sudoestehoje.com.br\/novoportal\/?p=31559"},"modified":"2013-10-27T13:55:07","modified_gmt":"2013-10-27T16:55:07","slug":"lei-seca-e-tema-de-redacao-do-enem","status":"publish","type":"post","link":"https:\/\/www.sudoestehoje.com.br\/novoportal\/2013\/10\/27\/lei-seca-e-tema-de-redacao-do-enem\/","title":{"rendered":"LEI SECA \u00c9 TEMA DE REDA\u00c7\u00c3O DO ENEM"},"content":{"rendered":"<p><a href=\"http:\/\/www.sudoestehoje.com.br\/novoportal\/wp-content\/uploads\/2013\/10\/escrever1.jpg\"><img loading=\"lazy\" decoding=\"async\" class=\"aligncenter size-medium wp-image-31560\" alt=\"escrever1\" src=\"http:\/\/www.sudoestehoje.com.br\/novoportal\/wp-content\/uploads\/2013\/10\/escrever1-500x333.jpg\" width=\"500\" height=\"333\" srcset=\"https:\/\/www.sudoestehoje.com.br\/novoportal\/wp-content\/uploads\/2013\/10\/escrever1-500x333.jpg 500w, https:\/\/www.sudoestehoje.com.br\/novoportal\/wp-content\/uploads\/2013\/10\/escrever1.jpg 512w\" sizes=\"auto, (max-width: 500px) 100vw, 500px\" \/><\/a><\/p>\n<p>O MEC (Minist\u00e9rio da Educa\u00e7\u00e3o) divulgou neste domingo (27) que o\u00a0tema da reda\u00e7\u00e3o do Enem (Exame Nacional do Ensino M\u00e9dio) 2013\u00a0\u00e9 &#8220;Efeitos da implanta\u00e7\u00e3o da Lei Seca no Brasil&#8221;. Os candidatos ter\u00e3o 5h30 para escrever uma reda\u00e7\u00e3o sobre esse tema e responder a 90 quest\u00f5es de m\u00faltipla escolha sobre linguagens e c\u00f3digos e matem\u00e1tica.<\/p>\n<p>Segundo o minist\u00e9rio, &#8220;os participantes devem desenvolver um texto dissertativo-argumentativo segundo os crit\u00e9rios definidos no edital do exame&#8221; a partir de &#8220;leitura dos textos motivadores apresentados no exame&#8221;.<\/p>\n<p>Este ano, a reda\u00e7\u00e3o ter\u00e1 corre\u00e7\u00e3o mais rigorosa. Ap\u00f3s textos com\u00a0<strong><a href=\"http:\/\/educacao.uol.com.br\/noticias\/2013\/03\/19\/redacao-com-hino-do-palmeiras-tira-nota-500-no-enem-2012.htm\">hino de time<\/a><\/strong>\u00a0e\u00a0<strong><a href=\"http:\/\/educacao.uol.com.br\/noticias\/2013\/03\/19\/candidato-escreve-receita-de-miojo-na-redacao-do-enem-2012-e-tira-nota-560.htm\">receita de macarr\u00e3o no ano passado<\/a><\/strong>, o MEC (Minist\u00e9rio da Educa\u00e7\u00e3o) prometeu que reda\u00e7\u00f5es com gracinhas e com trechos desconexos\u00a0<strong><a href=\"http:\/\/educacao.uol.com.br\/noticias\/2013\/05\/08\/apos-miojo-e-hino-de-time-redacao-do-enem-vai-ter-correcao-mais-rigorosa.htm\">receber\u00e3o zero<\/a><\/strong>.<\/p>\n<p><strong><em>UOL<\/em><\/strong><\/p>\n","protected":false},"excerpt":{"rendered":"<p>O MEC (Minist\u00e9rio da Educa\u00e7\u00e3o) divulgou neste domingo (27) que o\u00a0tema da reda\u00e7\u00e3o do Enem (Exame Nacional do Ensino M\u00e9dio) 2013\u00a0\u00e9 &#8220;Efeitos da implanta\u00e7\u00e3o da Lei Seca no Brasil&#8221;. Os candidatos ter\u00e3o 5h30 para escrever uma reda\u00e7\u00e3o sobre esse tema e responder a 90 quest\u00f5es de m\u00faltipla escolha sobre linguagens e c\u00f3digos e matem\u00e1tica. Segundo [&hellip;]<\/p>\n","protected":false},"author":2,"featured_media":0,"comment_status":"open","ping_status":"open","sticky":false,"template":"","format":"standard","meta":{"footnotes":"","_links_to":"","_links_to_target":""},"categories":[1],"tags":[],"class_list":["post-31559","post","type-post","status-publish","format-standard","hentry","category-geral"],"views":1162,"_links":{"self":[{"href":"https:\/\/www.sudoestehoje.com.br\/novoportal\/wp-json\/wp\/v2\/posts\/31559","targetHints":{"allow":["GET"]}}],"collection":[{"href":"https:\/\/www.sudoestehoje.com.br\/novoportal\/wp-json\/wp\/v2\/posts"}],"about":[{"href":"https:\/\/www.sudoestehoje.com.br\/novoportal\/wp-json\/wp\/v2\/types\/post"}],"author":[{"embeddable":true,"href":"https:\/\/www.sudoestehoje.com.br\/novoportal\/wp-json\/wp\/v2\/users\/2"}],"replies":[{"embeddable":true,"href":"https:\/\/www.sudoestehoje.com.br\/novoportal\/wp-json\/wp\/v2\/comments?post=31559"}],"version-history":[{"count":2,"href":"https:\/\/www.sudoestehoje.com.br\/novoportal\/wp-json\/wp\/v2\/posts\/31559\/revisions"}],"predecessor-version":[{"id":31562,"href":"https:\/\/www.sudoestehoje.com.br\/novoportal\/wp-json\/wp\/v2\/posts\/31559\/revisions\/31562"}],"wp:attachment":[{"href":"https:\/\/www.sudoestehoje.com.br\/novoportal\/wp-json\/wp\/v2\/media?parent=31559"}],"wp:term":[{"taxonomy":"category","embeddable":true,"href":"https:\/\/www.sudoestehoje.com.br\/novoportal\/wp-json\/wp\/v2\/categories?post=31559"},{"taxonomy":"post_tag","embeddable":true,"href":"https:\/\/www.sudoestehoje.com.br\/novoportal\/wp-json\/wp\/v2\/tags?post=31559"}],"curies":[{"name":"wp","href":"https:\/\/api.w.org\/{rel}","templated":true}]}}