
{"id":31550,"date":"2013-10-26T15:41:25","date_gmt":"2013-10-26T18:41:25","guid":{"rendered":"http:\/\/www.sudoestehoje.com.br\/novoportal\/?p=31550"},"modified":"2013-10-26T15:41:26","modified_gmt":"2013-10-26T18:41:26","slug":"rui-costa-ja-esta-escolhido-candidato-a-governador-do-pt","status":"publish","type":"post","link":"https:\/\/www.sudoestehoje.com.br\/novoportal\/2013\/10\/26\/rui-costa-ja-esta-escolhido-candidato-a-governador-do-pt\/","title":{"rendered":"RUI COSTA J\u00c1 EST\u00c1 ESCOLHIDO CANDIDATO A GOVERNADOR DO PT"},"content":{"rendered":"<p><a href=\"http:\/\/www.sudoestehoje.com.br\/novoportal\/wp-content\/uploads\/2013\/10\/rui-e-wagner.jpg\"><img loading=\"lazy\" decoding=\"async\" class=\"aligncenter size-medium wp-image-31551\" alt=\"rui e wagner\" src=\"http:\/\/www.sudoestehoje.com.br\/novoportal\/wp-content\/uploads\/2013\/10\/rui-e-wagner-500x268.jpg\" width=\"500\" height=\"268\" srcset=\"https:\/\/www.sudoestehoje.com.br\/novoportal\/wp-content\/uploads\/2013\/10\/rui-e-wagner-500x268.jpg 500w, https:\/\/www.sudoestehoje.com.br\/novoportal\/wp-content\/uploads\/2013\/10\/rui-e-wagner.jpg 595w\" sizes=\"auto, (max-width: 500px) 100vw, 500px\" \/><\/a><\/p>\n<p>Nem mais os demais pr\u00e9-candidatos petistas, seus concorrentes no PT pela indica\u00e7\u00e3o para representar o partido na corrida sucess\u00f3ria, desconfiam de que Rui Costa n\u00e3o ser\u00e1 ungido como nome da legenda \u00e0 sucess\u00e3o de Jaques Wagner. O clima nos QGs de Jos\u00e9 S\u00e9rgio Gabrielli, Walter Pinheiro e Luiz Caetano, se \u00e9 que chegaram a ser algum dia montados, \u00e9 de desmobiliza\u00e7\u00e3o total e recolhimento de armas.<\/p>\n<p>O motivo \u00e9 que j\u00e1 corre a informa\u00e7\u00e3o, por praticamente todos os canais petistas, de que o atual chefe da Casa Civil de Wagner vai ser anunciado em seguida \u00e0 posse de Everaldo Anuncia\u00e7\u00e3o na presid\u00eancia estadual do PT, ap\u00f3s o PED (Processo de Elei\u00e7\u00e3o Direta) de 10 de novembro. Tr\u00eas fatos, ocorridos em sequ\u00eancia, alinham o processo no partido que culminar\u00e1 com o an\u00fancio do nome de Rui Costa como candidato a governador do PT.<!--more--><\/p>\n<p>O primeiro deles foi a conclus\u00e3o de que o partido n\u00e3o faria pr\u00e9vias para promover a escolha. Normalmente desgastante, o processo de elei\u00e7\u00e3o interna poderia enfraquecer seu nome ou mesmo tir\u00e1-lo do p\u00e1reo, levando-se em conta a divis\u00e3o da milit\u00e2ncia em rela\u00e7\u00e3o aos nomes postos e ao processo eleitoral de 2014.<\/p>\n<p>O segundo fato importante foi a consagra\u00e7\u00e3o do nome de Everaldo Anuncia\u00e7\u00e3o como candidato \u00e0 presid\u00eancia estadual do PT, processo no qual o pr\u00f3prio Rui se empenhou por antever que, em contrapartida, uniria, como de fato aconteceu, as mais importantes correntes petistas em torno de seu nome. O terceiro mais significativo movimento foi dado pelo pr\u00f3prio governador, no in\u00edcio do m\u00eas, ao convocar uma conversa franca com as principais lideran\u00e7as petistas sobre a sucess\u00e3o.<\/p>\n<p>Sem fazer imposi\u00e7\u00f5es, embora elevando o tom al\u00e9m do usual, Wagner deixou claro qual era \u2013 e sempre foi \u2013 a sua op\u00e7\u00e3o para 2014. Agora, \u00e9 realizar o PED, eleger e empossar Everaldo e, em seguida, promover, num ato que o PT pretende deixar para a hist\u00f3ria, o an\u00fancio da candidatura de Rui para toda a Bahia.<\/p>\n","protected":false},"excerpt":{"rendered":"<p>Nem mais os demais pr\u00e9-candidatos petistas, seus concorrentes no PT pela indica\u00e7\u00e3o para representar o partido na corrida sucess\u00f3ria, desconfiam de que Rui Costa n\u00e3o ser\u00e1 ungido como nome da legenda \u00e0 sucess\u00e3o de Jaques Wagner. O clima nos QGs de Jos\u00e9 S\u00e9rgio Gabrielli, Walter Pinheiro e Luiz Caetano, se \u00e9 que chegaram a ser [&hellip;]<\/p>\n","protected":false},"author":2,"featured_media":0,"comment_status":"open","ping_status":"open","sticky":false,"template":"","format":"standard","meta":{"footnotes":"","_links_to":"","_links_to_target":""},"categories":[1],"tags":[],"class_list":["post-31550","post","type-post","status-publish","format-standard","hentry","category-geral"],"views":1360,"_links":{"self":[{"href":"https:\/\/www.sudoestehoje.com.br\/novoportal\/wp-json\/wp\/v2\/posts\/31550","targetHints":{"allow":["GET"]}}],"collection":[{"href":"https:\/\/www.sudoestehoje.com.br\/novoportal\/wp-json\/wp\/v2\/posts"}],"about":[{"href":"https:\/\/www.sudoestehoje.com.br\/novoportal\/wp-json\/wp\/v2\/types\/post"}],"author":[{"embeddable":true,"href":"https:\/\/www.sudoestehoje.com.br\/novoportal\/wp-json\/wp\/v2\/users\/2"}],"replies":[{"embeddable":true,"href":"https:\/\/www.sudoestehoje.com.br\/novoportal\/wp-json\/wp\/v2\/comments?post=31550"}],"version-history":[{"count":2,"href":"https:\/\/www.sudoestehoje.com.br\/novoportal\/wp-json\/wp\/v2\/posts\/31550\/revisions"}],"predecessor-version":[{"id":31553,"href":"https:\/\/www.sudoestehoje.com.br\/novoportal\/wp-json\/wp\/v2\/posts\/31550\/revisions\/31553"}],"wp:attachment":[{"href":"https:\/\/www.sudoestehoje.com.br\/novoportal\/wp-json\/wp\/v2\/media?parent=31550"}],"wp:term":[{"taxonomy":"category","embeddable":true,"href":"https:\/\/www.sudoestehoje.com.br\/novoportal\/wp-json\/wp\/v2\/categories?post=31550"},{"taxonomy":"post_tag","embeddable":true,"href":"https:\/\/www.sudoestehoje.com.br\/novoportal\/wp-json\/wp\/v2\/tags?post=31550"}],"curies":[{"name":"wp","href":"https:\/\/api.w.org\/{rel}","templated":true}]}}