
{"id":31545,"date":"2013-10-26T11:42:58","date_gmt":"2013-10-26T14:42:58","guid":{"rendered":"http:\/\/www.sudoestehoje.com.br\/novoportal\/?p=31545"},"modified":"2013-10-26T11:46:27","modified_gmt":"2013-10-26T14:46:27","slug":"quase-500-mil-inscritos-fazem-enem-na-bahia-neste-final-de-semana","status":"publish","type":"post","link":"https:\/\/www.sudoestehoje.com.br\/novoportal\/2013\/10\/26\/quase-500-mil-inscritos-fazem-enem-na-bahia-neste-final-de-semana\/","title":{"rendered":"QUASE 500 MIL INSCRITOS FAZEM ENEM NA BAHIA NESTE FINAL DE SEMANA"},"content":{"rendered":"<p style=\"text-align: center;\">\u00a0<a href=\"http:\/\/www.sudoestehoje.com.br\/novoportal\/wp-content\/uploads\/2013\/10\/vestibula-fainor-300x180.jpg\"><img decoding=\"async\" class=\"aligncenter  wp-image-31547\" alt=\"vestibula-fainor-300x180\" src=\"http:\/\/www.sudoestehoje.com.br\/novoportal\/wp-content\/uploads\/2013\/10\/vestibula-fainor-300x180.jpg\" width=\"500\" \/><\/a><\/p>\n<p>A primeira prova do Exame Nacional do Ensino M\u00e9dio (Enem) ser\u00e1 aplicada aos inscritos em todo estado \u00e0s 12h deste s\u00e1bado (26). Os candidatos devem chegar ao local do exame at\u00e9 as 11h. O hor\u00e1rio de in\u00edcio no estado \u00e9 1h a menos do que o seguido pelos demais estados que aderiram ao Hor\u00e1rio de Ver\u00e3o, onde o come\u00e7o da prova est\u00e1 marcado para 13h.<\/p>\n<p>O estado teve 543.051 inscritos, acr\u00e9scimo de 29% se comparado ao ano passado. O certame deste s\u00e1bado ter\u00e1 a dura\u00e7\u00e3o de quatro horas e meia e os candidatos dever\u00e3o responder 90 quest\u00f5es de ci\u00eancias humanas e da natureza. Para fazer a prova, \u00e9 necess\u00e1rio apresentar documento de identidade com foto e ter em m\u00e3os uma caneta preta, revestida com material transparente, para preencher o cart\u00e3o de respostas.<\/p>\n<p>Antes de come\u00e7ar a responder as quest\u00f5es, o candidato deve conferir os dados pessoais na prova, no cart\u00e3o de resposta e na lista de chamada e, se houver algum erro, comunicar ao fiscal. Ao todo, o Enem ser\u00e1 realizado em 1.588 escolas do estado, 261 em Salvador e 1.327 no interior do estado.<\/p>\n","protected":false},"excerpt":{"rendered":"<p>\u00a0 A primeira prova do Exame Nacional do Ensino M\u00e9dio (Enem) ser\u00e1 aplicada aos inscritos em todo estado \u00e0s 12h deste s\u00e1bado (26). Os candidatos devem chegar ao local do exame at\u00e9 as 11h. O hor\u00e1rio de in\u00edcio no estado \u00e9 1h a menos do que o seguido pelos demais estados que aderiram ao Hor\u00e1rio [&hellip;]<\/p>\n","protected":false},"author":2,"featured_media":0,"comment_status":"open","ping_status":"open","sticky":false,"template":"","format":"standard","meta":{"footnotes":"","_links_to":"","_links_to_target":""},"categories":[1],"tags":[],"class_list":["post-31545","post","type-post","status-publish","format-standard","hentry","category-geral"],"views":1018,"_links":{"self":[{"href":"https:\/\/www.sudoestehoje.com.br\/novoportal\/wp-json\/wp\/v2\/posts\/31545","targetHints":{"allow":["GET"]}}],"collection":[{"href":"https:\/\/www.sudoestehoje.com.br\/novoportal\/wp-json\/wp\/v2\/posts"}],"about":[{"href":"https:\/\/www.sudoestehoje.com.br\/novoportal\/wp-json\/wp\/v2\/types\/post"}],"author":[{"embeddable":true,"href":"https:\/\/www.sudoestehoje.com.br\/novoportal\/wp-json\/wp\/v2\/users\/2"}],"replies":[{"embeddable":true,"href":"https:\/\/www.sudoestehoje.com.br\/novoportal\/wp-json\/wp\/v2\/comments?post=31545"}],"version-history":[{"count":3,"href":"https:\/\/www.sudoestehoje.com.br\/novoportal\/wp-json\/wp\/v2\/posts\/31545\/revisions"}],"predecessor-version":[{"id":31549,"href":"https:\/\/www.sudoestehoje.com.br\/novoportal\/wp-json\/wp\/v2\/posts\/31545\/revisions\/31549"}],"wp:attachment":[{"href":"https:\/\/www.sudoestehoje.com.br\/novoportal\/wp-json\/wp\/v2\/media?parent=31545"}],"wp:term":[{"taxonomy":"category","embeddable":true,"href":"https:\/\/www.sudoestehoje.com.br\/novoportal\/wp-json\/wp\/v2\/categories?post=31545"},{"taxonomy":"post_tag","embeddable":true,"href":"https:\/\/www.sudoestehoje.com.br\/novoportal\/wp-json\/wp\/v2\/tags?post=31545"}],"curies":[{"name":"wp","href":"https:\/\/api.w.org\/{rel}","templated":true}]}}