
{"id":3154,"date":"2011-01-22T11:17:44","date_gmt":"2011-01-22T14:17:44","guid":{"rendered":"http:\/\/www.sudoestehoje.com.br\/novoportal\/?p=3154"},"modified":"2011-01-22T12:18:59","modified_gmt":"2011-01-22T15:18:59","slug":"dilma-quer-retomada-dos-imoveis-do-minha-casa","status":"publish","type":"post","link":"https:\/\/www.sudoestehoje.com.br\/novoportal\/2011\/01\/22\/dilma-quer-retomada-dos-imoveis-do-minha-casa\/","title":{"rendered":"DILMA QUER RETOMADA DOS IM\u00d3VEIS DO &#8216;MINHA CASA&#8217;"},"content":{"rendered":"<div>\n<p style=\"text-align: center;\"><img decoding=\"async\" src=\"http:\/\/3.bp.blogspot.com\/_fadkQoNgQ0A\/TEntksn1EGI\/AAAAAAAADDM\/pL0GdjcgXIw\/s400\/Lula-eventos+em+feira+164.jpg\" alt=\"\" \/><\/p>\n<p style=\"text-align: center;\"><strong>Im\u00f3veis &#8216;vendidos&#8217; ser\u00e3o retomados pela Caixa<\/strong><\/p>\n<p>\u00a0<\/p>\n<p>FEIRA DE SANTANA: A presidente Dilma Rousseff quer a retomada dos apartamentos do Programa &#8220;Minha Casa, Minha Vida&#8221;,\u00a0vendidos irregularmente em Feira de Santana (BA), conforme revelou reportagem do &#8216;Estado&#8217;,\u00a0desta sexta-feira (21). A Controladoria Geral da Uni\u00e3o (CGU) vai analisar a necessidade de mudan\u00e7as nas regras do programa a fim de evitar o repasse indevido dos im\u00f3veis.<\/p>\n<p>Em nota conjunta, os minist\u00e9rios do Planejamento, Cidades e a Caixa Econ\u00f4mica Federal &#8211; respons\u00e1veis pelo acompanhamento, execu\u00e7\u00e3o e fiscaliza\u00e7\u00e3o do programa &#8211; afirmaram que os contratos firmados com os benefici\u00e1rios pro\u00edbe a venda do im\u00f3vel at\u00e9 que ele seja quitado.\u00a0&#8220;Todos os apartamentos irregularmente vendidos ser\u00e3o retomados, como prev\u00ea o contrato&#8221;, informa a nota.\u00a0<\/p>\n<p>Os moradores do residencial est\u00e3o sendo informados pela Caixa sobre as possibilidades de renegocia\u00e7\u00e3o de seus d\u00e9bitos, caso haja dificuldades de pagamentos.&#8221;Os \u00edndices de inadimpl\u00eancia verificados nesse tipo de carteira de cr\u00e9dito est\u00e3o compat\u00edveis com os padr\u00f5es de faixa de renda de at\u00e9 R$ 1.395&#8243;, refor\u00e7ou a nota. O Residencial Nova Concei\u00e7\u00e3o foi o primeiro empreendimento do Minha Casa, Minha Vida entregue para fam\u00edlias com renda mensal de at\u00e9 R$ 1.395.<\/p>\n<\/div>\n","protected":false},"excerpt":{"rendered":"<p>Im\u00f3veis &#8216;vendidos&#8217; ser\u00e3o retomados pela Caixa \u00a0 FEIRA DE SANTANA: A presidente Dilma Rousseff quer a retomada dos apartamentos do Programa &#8220;Minha Casa, Minha Vida&#8221;,\u00a0vendidos irregularmente em Feira de Santana (BA), conforme revelou reportagem do &#8216;Estado&#8217;,\u00a0desta sexta-feira (21). A Controladoria Geral da Uni\u00e3o (CGU) vai analisar a necessidade de mudan\u00e7as nas regras do programa a [&hellip;]<\/p>\n","protected":false},"author":2,"featured_media":0,"comment_status":"open","ping_status":"open","sticky":false,"template":"","format":"standard","meta":{"footnotes":"","_links_to":"","_links_to_target":""},"categories":[1],"tags":[],"class_list":["post-3154","post","type-post","status-publish","format-standard","hentry","category-geral"],"views":1264,"_links":{"self":[{"href":"https:\/\/www.sudoestehoje.com.br\/novoportal\/wp-json\/wp\/v2\/posts\/3154","targetHints":{"allow":["GET"]}}],"collection":[{"href":"https:\/\/www.sudoestehoje.com.br\/novoportal\/wp-json\/wp\/v2\/posts"}],"about":[{"href":"https:\/\/www.sudoestehoje.com.br\/novoportal\/wp-json\/wp\/v2\/types\/post"}],"author":[{"embeddable":true,"href":"https:\/\/www.sudoestehoje.com.br\/novoportal\/wp-json\/wp\/v2\/users\/2"}],"replies":[{"embeddable":true,"href":"https:\/\/www.sudoestehoje.com.br\/novoportal\/wp-json\/wp\/v2\/comments?post=3154"}],"version-history":[{"count":3,"href":"https:\/\/www.sudoestehoje.com.br\/novoportal\/wp-json\/wp\/v2\/posts\/3154\/revisions"}],"predecessor-version":[{"id":3156,"href":"https:\/\/www.sudoestehoje.com.br\/novoportal\/wp-json\/wp\/v2\/posts\/3154\/revisions\/3156"}],"wp:attachment":[{"href":"https:\/\/www.sudoestehoje.com.br\/novoportal\/wp-json\/wp\/v2\/media?parent=3154"}],"wp:term":[{"taxonomy":"category","embeddable":true,"href":"https:\/\/www.sudoestehoje.com.br\/novoportal\/wp-json\/wp\/v2\/categories?post=3154"},{"taxonomy":"post_tag","embeddable":true,"href":"https:\/\/www.sudoestehoje.com.br\/novoportal\/wp-json\/wp\/v2\/tags?post=3154"}],"curies":[{"name":"wp","href":"https:\/\/api.w.org\/{rel}","templated":true}]}}