
{"id":31503,"date":"2013-10-25T11:34:10","date_gmt":"2013-10-25T14:34:10","guid":{"rendered":"http:\/\/www.sudoestehoje.com.br\/novoportal\/?p=31503"},"modified":"2013-10-25T11:34:10","modified_gmt":"2013-10-25T14:34:10","slug":"pindai-prefeita-reduz-30-do-seu-salario-do-vice-e-cargos-comissionados","status":"publish","type":"post","link":"https:\/\/www.sudoestehoje.com.br\/novoportal\/2013\/10\/25\/pindai-prefeita-reduz-30-do-seu-salario-do-vice-e-cargos-comissionados\/","title":{"rendered":"PINDA\u00cd: PREFEITA REDUZ 30% DO SEU SAL\u00c1RIO, DO VICE E CARGOS COMISSIONADOS"},"content":{"rendered":"<p><a href=\"http:\/\/www.sudoestehoje.com.br\/novoportal\/wp-content\/uploads\/2013\/10\/PINDA\u00cd.jpg\"><img loading=\"lazy\" decoding=\"async\" class=\"aligncenter size-full wp-image-31505\" alt=\"PINDA\u00cd\" src=\"http:\/\/www.sudoestehoje.com.br\/novoportal\/wp-content\/uploads\/2013\/10\/PINDA\u00cd.jpg\" width=\"380\" height=\"280\" \/><\/a><\/p>\n<p>A prefeitura de Pinda\u00ed, munic\u00edpio do sudoeste baiano com 16 mil habitantes, reduziu em 30% o valor do sal\u00e1rio dos servidores ocupantes de cargos comissionados na administra\u00e7\u00e3o municipal. A nova lei foi aprovada na C\u00e2mara e sancionada pela prefeita Rosane Madalena Ladeia Pereira Prado (PSDB) esta semana. Al\u00e9m dos cargos de confian\u00e7a, os vencimentos da gestora, do vice e dos secret\u00e1rios municipais tamb\u00e9m sofreram cortes.<\/p>\n<p>A alcaide passar\u00e1 a receber a partir de novembro R$ 6,3 mil \u2013 eram R$ 9 mil. O vice, Jid\u00e1zio Alves de Castro (PT), passa a receber R$ 3.150 ante os R$ 4,5 mil. J\u00e1 os chefes das pastas passam a receber R$ 2,1 mil (eram R$ 3 mil). Conforme publica\u00e7\u00e3o no Di\u00e1rio Oficial do Munic\u00edpio, a medida visa \u201creadequar as finan\u00e7as p\u00fablicas do munic\u00edpio, respeitando-se o limite de gasto com pessoal imposto pela Lei Complementar n\u00ba. 101\/2000\u201d.<\/p>\n<p>Em Itapetinga, que est\u00e1 prestes a se chamar &#8220;Pinda\u00edba&#8221;, o prefeito aumentou os seus subs\u00eddios para R$ 18 mil, o do vice para R$9 mil e os sal\u00e1rios dos secret\u00e1rios para R$8 mil reais, fora os <em>pro-labores, di\u00e1rias, CPFs<\/em>, e outras generosas vantagens.<\/p>\n<p><strong><em>Sudoeste Hoje<\/em><\/strong> (com informa\u00e7\u00f5es do BN)<\/p>\n","protected":false},"excerpt":{"rendered":"<p>A prefeitura de Pinda\u00ed, munic\u00edpio do sudoeste baiano com 16 mil habitantes, reduziu em 30% o valor do sal\u00e1rio dos servidores ocupantes de cargos comissionados na administra\u00e7\u00e3o municipal. A nova lei foi aprovada na C\u00e2mara e sancionada pela prefeita Rosane Madalena Ladeia Pereira Prado (PSDB) esta semana. Al\u00e9m dos cargos de confian\u00e7a, os vencimentos da [&hellip;]<\/p>\n","protected":false},"author":2,"featured_media":0,"comment_status":"open","ping_status":"open","sticky":false,"template":"","format":"standard","meta":{"footnotes":"","_links_to":"","_links_to_target":""},"categories":[1],"tags":[],"class_list":["post-31503","post","type-post","status-publish","format-standard","hentry","category-geral"],"views":1346,"_links":{"self":[{"href":"https:\/\/www.sudoestehoje.com.br\/novoportal\/wp-json\/wp\/v2\/posts\/31503","targetHints":{"allow":["GET"]}}],"collection":[{"href":"https:\/\/www.sudoestehoje.com.br\/novoportal\/wp-json\/wp\/v2\/posts"}],"about":[{"href":"https:\/\/www.sudoestehoje.com.br\/novoportal\/wp-json\/wp\/v2\/types\/post"}],"author":[{"embeddable":true,"href":"https:\/\/www.sudoestehoje.com.br\/novoportal\/wp-json\/wp\/v2\/users\/2"}],"replies":[{"embeddable":true,"href":"https:\/\/www.sudoestehoje.com.br\/novoportal\/wp-json\/wp\/v2\/comments?post=31503"}],"version-history":[{"count":2,"href":"https:\/\/www.sudoestehoje.com.br\/novoportal\/wp-json\/wp\/v2\/posts\/31503\/revisions"}],"predecessor-version":[{"id":31506,"href":"https:\/\/www.sudoestehoje.com.br\/novoportal\/wp-json\/wp\/v2\/posts\/31503\/revisions\/31506"}],"wp:attachment":[{"href":"https:\/\/www.sudoestehoje.com.br\/novoportal\/wp-json\/wp\/v2\/media?parent=31503"}],"wp:term":[{"taxonomy":"category","embeddable":true,"href":"https:\/\/www.sudoestehoje.com.br\/novoportal\/wp-json\/wp\/v2\/categories?post=31503"},{"taxonomy":"post_tag","embeddable":true,"href":"https:\/\/www.sudoestehoje.com.br\/novoportal\/wp-json\/wp\/v2\/tags?post=31503"}],"curies":[{"name":"wp","href":"https:\/\/api.w.org\/{rel}","templated":true}]}}