
{"id":315,"date":"2010-08-16T14:38:49","date_gmt":"2010-08-16T17:38:49","guid":{"rendered":"http:\/\/sudoestehoje.tempsite.ws\/novoportal\/?p=315"},"modified":"2010-09-18T14:39:44","modified_gmt":"2010-09-18T17:39:44","slug":"professor-rubens-mascarenhas-lanca-livro-nesta-quinta-feira","status":"publish","type":"post","link":"https:\/\/www.sudoestehoje.com.br\/novoportal\/2010\/08\/16\/professor-rubens-mascarenhas-lanca-livro-nesta-quinta-feira\/","title":{"rendered":"PROFESSOR RUBENS MASCARENHAS LAN\u00c7A LIVRO NESTA QUINTA-FEIRA"},"content":{"rendered":"<p style=\"text-align: center;\"><img loading=\"lazy\" decoding=\"async\" class=\"aligncenter\" src=\"http:\/\/www.sudoestehoje.com.br\/web\/images\/stories\/capa%20livro%20rubens.jpg\" border=\"0\" alt=\"\" width=\"394\" height=\"576\" \/><\/p>\n<p>O  professor Jos\u00e9 Rubens Mascarenhas, do curso de Hist\u00f3ria da  UESB,\u00a0lan\u00e7ar\u00e1, nesta quinta-feira (19), a partir das 19:00h, no Museu  Regional da Uesb, em\u00a0Vit\u00f3ria da Conquista,\u00a0o livro de sua autoria  &#8220;Am\u00e9rica Latina: transnacionaliza\u00e7\u00e3o e lutas sociais no alvorecer do  s\u00e9culo XXI&#8221;.<\/p>\n<p>O  livro aprecia, do ponto de vista hist\u00f3rico, o (re) surgimento da luta  armada no seio dos movimentos sociais latino-americanos, examinando as  matrizes constitutivas do discurso do EZLN (Ex\u00e9rcito Zapatista de  Liberta\u00e7\u00e3o Nacional), dedicando especial enfoque ao processo de  constru\u00e7\u00e3o contra-hegem\u00f4nica dos movimentos sociais. O par\u00e2metro da  an\u00e1lise, constru\u00edda em tom de den\u00fancia, parte do cen\u00e1rio do atual  processo da \u201cglobaliza\u00e7\u00e3o\u201d, visto como a mais nova fase do  capital-imperialismo e sua rela\u00e7\u00e3o com a Am\u00e9rica Latina, num contexto de  transnacionaliza\u00e7\u00e3o do capital, das pol\u00edticas neoliberais que envolvem a  inter-rela\u00e7\u00e3o centro-periferia e a resist\u00eancia dos movimentos sociais.   Historiador  experiente voltado para atividades de car\u00e1ter transdisciplinar,  pesquisador do Museu Pedag\u00f3gico\/UESB e do NEILS, Mascarenhas de Almeida  articula grande capacidade de pesquisa emp\u00edrica, inclusive trabalho de  campo, e aguda reflex\u00e3o te\u00f3rica. Isto lhe possibilita evitar os riscos  da especula\u00e7\u00e3o desprovida de qualquer v\u00ednculo com o real.\u00a0 A perspectiva  metodol\u00f3gica da abstra\u00e7\u00e3o-concre\u00e7\u00e3o orienta a an\u00e1lise que o autor faz  de um dos mais importantes e intrigantes dentre os in\u00fameros movimentos  sociais que vicejam na Am\u00e9rica Latina contempor\u00e2nea. Mascarenhas de  Almeida examina a atual fase do imperialismo, considerado intr\u00ednseco ao  modo de produ\u00e7\u00e3o capitalista eixo que marca esta obra apaixonada,  indignada, esperan\u00e7osa e, ao mesmo tempo, preocupada com o rigor  cient\u00edfico que, certamente, o leitor acompanhar\u00e1 com aten\u00e7\u00e3o e prazer  (L\u00facio Fl\u00e1vio Rodrigues de Almeida, do Pref\u00e1cio).<\/p>\n","protected":false},"excerpt":{"rendered":"<p>O professor Jos\u00e9 Rubens Mascarenhas, do curso de Hist\u00f3ria da UESB,\u00a0lan\u00e7ar\u00e1, nesta quinta-feira (19), a partir das 19:00h, no Museu Regional da Uesb, em\u00a0Vit\u00f3ria da Conquista,\u00a0o livro de sua autoria &#8220;Am\u00e9rica Latina: transnacionaliza\u00e7\u00e3o e lutas sociais no alvorecer do s\u00e9culo XXI&#8221;. O livro aprecia, do ponto de vista hist\u00f3rico, o (re) surgimento da luta armada [&hellip;]<\/p>\n","protected":false},"author":1,"featured_media":0,"comment_status":"open","ping_status":"open","sticky":false,"template":"","format":"standard","meta":{"footnotes":"","_links_to":"","_links_to_target":""},"categories":[1],"tags":[],"class_list":["post-315","post","type-post","status-publish","format-standard","hentry","category-geral"],"views":1296,"_links":{"self":[{"href":"https:\/\/www.sudoestehoje.com.br\/novoportal\/wp-json\/wp\/v2\/posts\/315","targetHints":{"allow":["GET"]}}],"collection":[{"href":"https:\/\/www.sudoestehoje.com.br\/novoportal\/wp-json\/wp\/v2\/posts"}],"about":[{"href":"https:\/\/www.sudoestehoje.com.br\/novoportal\/wp-json\/wp\/v2\/types\/post"}],"author":[{"embeddable":true,"href":"https:\/\/www.sudoestehoje.com.br\/novoportal\/wp-json\/wp\/v2\/users\/1"}],"replies":[{"embeddable":true,"href":"https:\/\/www.sudoestehoje.com.br\/novoportal\/wp-json\/wp\/v2\/comments?post=315"}],"version-history":[{"count":1,"href":"https:\/\/www.sudoestehoje.com.br\/novoportal\/wp-json\/wp\/v2\/posts\/315\/revisions"}],"predecessor-version":[{"id":316,"href":"https:\/\/www.sudoestehoje.com.br\/novoportal\/wp-json\/wp\/v2\/posts\/315\/revisions\/316"}],"wp:attachment":[{"href":"https:\/\/www.sudoestehoje.com.br\/novoportal\/wp-json\/wp\/v2\/media?parent=315"}],"wp:term":[{"taxonomy":"category","embeddable":true,"href":"https:\/\/www.sudoestehoje.com.br\/novoportal\/wp-json\/wp\/v2\/categories?post=315"},{"taxonomy":"post_tag","embeddable":true,"href":"https:\/\/www.sudoestehoje.com.br\/novoportal\/wp-json\/wp\/v2\/tags?post=315"}],"curies":[{"name":"wp","href":"https:\/\/api.w.org\/{rel}","templated":true}]}}