
{"id":31495,"date":"2013-10-25T16:18:45","date_gmt":"2013-10-25T19:18:45","guid":{"rendered":"http:\/\/www.sudoestehoje.com.br\/novoportal\/?p=31495"},"modified":"2013-10-25T16:58:15","modified_gmt":"2013-10-25T19:58:15","slug":"nome-de-michel-volta-a-ser-cogitado-para-deputado-estadual","status":"publish","type":"post","link":"https:\/\/www.sudoestehoje.com.br\/novoportal\/2013\/10\/25\/nome-de-michel-volta-a-ser-cogitado-para-deputado-estadual\/","title":{"rendered":"NOME DE MICHEL HAGGE VOLTA A SER COGITADO PARA DEPUTADO ESTADUAL"},"content":{"rendered":"<div id=\"attachment_31496\" style=\"width: 310px\" class=\"wp-caption aligncenter\"><a href=\"http:\/\/www.sudoestehoje.com.br\/novoportal\/wp-content\/uploads\/2013\/10\/michelhag.jpg\"><img decoding=\"async\" aria-describedby=\"caption-attachment-31496\" class=\" wp-image-31496 \" alt=\"Foto Itapetinga Agora\" src=\"http:\/\/www.sudoestehoje.com.br\/novoportal\/wp-content\/uploads\/2013\/10\/michelhag-373x500.jpg\" width=\"300\" srcset=\"https:\/\/www.sudoestehoje.com.br\/novoportal\/wp-content\/uploads\/2013\/10\/michelhag-373x500.jpg 373w, https:\/\/www.sudoestehoje.com.br\/novoportal\/wp-content\/uploads\/2013\/10\/michelhag.jpg 435w\" sizes=\"(max-width: 373px) 100vw, 373px\" \/><\/a><p id=\"caption-attachment-31496\" class=\"wp-caption-text\">Ex-prefeito Michel Hagge. Foto Itapetinga Agora<\/p><\/div>\n<p>ITAPETINGA: No momento em que as candidaturas ao governo do estado se definem, tanto no campo governista, quanto nas hostes oposicionistas, as arruma\u00e7\u00f5es para composi\u00e7\u00e3o das chapas majorit\u00e1rias e proporcionais come\u00e7am a ganhar forma, surgindo nomes novos e emergindo antigas lideran\u00e7as, para refor\u00e7ar os grupos pol\u00edticos.<\/p>\n<p>Com a prov\u00e1vel candidatura de Geddel Vieira Lima pelas oposi\u00e7\u00f5es, o nome de Michel Hagge voltou a ser cogitado no PMDB, para integrar a chapa proporcional que concorrer\u00e1 \u00e0 Assembl\u00e9ia Legislativa, por se tratar da maior lideran\u00e7a peemedebista na regi\u00e3o de Itapetinga, antigo reduto pol\u00edtico de Geddel e fam\u00edlia.<\/p>\n<p>Caso a sua candidatura se confirme, caber\u00e1 a Michel a coordena\u00e7\u00e3o da campanha de Geddel na regi\u00e3o, ao lado de outras lideran\u00e7as dos partidos oposicionistas que dever\u00e3o compor, para tentar a retomada do governo do estado, hoje nas m\u00e3os do PT de Wagner. Sem a participa\u00e7\u00e3o ativa de Michel no comando local da campanha, a candidatura de Geddel perde a refer\u00eancia e corre o risco de ficar sem palanque em Itapetinga e cidades da regi\u00e3o.<\/p>\n<p>Conversamos com Geddel, via Facebook, sobre a possibilidade de Michel Hagge vir a se candidatar a deputado estadual, e a sua opini\u00e3o \u00e9 que a decis\u00e3o deve sair de Itapetinga, garantindo que n\u00e3o haver\u00e1 qualquer interven\u00e7\u00e3o da dire\u00e7\u00e3o estadual do PMDB nesse processo.<\/p>\n<p>Nos bastidores, entretanto, o que se v\u00ea \u00e9 justamente o contr\u00e1rio, at\u00e9 porque L\u00facio Vieira Lima n\u00e3o ficou satisfeito com a decis\u00e3o de K\u00e1tia Espinheira em anunciar, prematuramente, apoio ao deputado Arthur Maia, o que acabou gorando com a sa\u00edda de Arthur para outra legenda. L\u00facio quer de volta o diret\u00f3rio municipal do PMDB, com Michel no comando, como sempre esteve.<\/p>\n<p>Quanto \u00e0 ex-deputada Virg\u00ednia Hagge, ainda sonha com um improv\u00e1vel retorno \u00e0 assembl\u00e9ia pelas m\u00e3os do petista Rui Costa, seu amigo pessoal e &#8216;santo protetor&#8217;, jogada arriscada e \u00a0sem a menor chance de vingar. Quem bem conhece os meandros da pol\u00edtica, sabe que esse tipo de &#8216;acordo&#8217; n\u00e3o tem futuro.<\/p>\n<p><strong><em>Por Davi Ferraz\u00a0<\/em><\/strong><\/p>\n","protected":false},"excerpt":{"rendered":"<p>ITAPETINGA: No momento em que as candidaturas ao governo do estado se definem, tanto no campo governista, quanto nas hostes oposicionistas, as arruma\u00e7\u00f5es para composi\u00e7\u00e3o das chapas majorit\u00e1rias e proporcionais come\u00e7am a ganhar forma, surgindo nomes novos e emergindo antigas lideran\u00e7as, para refor\u00e7ar os grupos pol\u00edticos. Com a prov\u00e1vel candidatura de Geddel Vieira Lima pelas [&hellip;]<\/p>\n","protected":false},"author":2,"featured_media":0,"comment_status":"open","ping_status":"open","sticky":false,"template":"","format":"standard","meta":{"footnotes":"","_links_to":"","_links_to_target":""},"categories":[1],"tags":[],"class_list":["post-31495","post","type-post","status-publish","format-standard","hentry","category-geral"],"views":1515,"_links":{"self":[{"href":"https:\/\/www.sudoestehoje.com.br\/novoportal\/wp-json\/wp\/v2\/posts\/31495","targetHints":{"allow":["GET"]}}],"collection":[{"href":"https:\/\/www.sudoestehoje.com.br\/novoportal\/wp-json\/wp\/v2\/posts"}],"about":[{"href":"https:\/\/www.sudoestehoje.com.br\/novoportal\/wp-json\/wp\/v2\/types\/post"}],"author":[{"embeddable":true,"href":"https:\/\/www.sudoestehoje.com.br\/novoportal\/wp-json\/wp\/v2\/users\/2"}],"replies":[{"embeddable":true,"href":"https:\/\/www.sudoestehoje.com.br\/novoportal\/wp-json\/wp\/v2\/comments?post=31495"}],"version-history":[{"count":6,"href":"https:\/\/www.sudoestehoje.com.br\/novoportal\/wp-json\/wp\/v2\/posts\/31495\/revisions"}],"predecessor-version":[{"id":31502,"href":"https:\/\/www.sudoestehoje.com.br\/novoportal\/wp-json\/wp\/v2\/posts\/31495\/revisions\/31502"}],"wp:attachment":[{"href":"https:\/\/www.sudoestehoje.com.br\/novoportal\/wp-json\/wp\/v2\/media?parent=31495"}],"wp:term":[{"taxonomy":"category","embeddable":true,"href":"https:\/\/www.sudoestehoje.com.br\/novoportal\/wp-json\/wp\/v2\/categories?post=31495"},{"taxonomy":"post_tag","embeddable":true,"href":"https:\/\/www.sudoestehoje.com.br\/novoportal\/wp-json\/wp\/v2\/tags?post=31495"}],"curies":[{"name":"wp","href":"https:\/\/api.w.org\/{rel}","templated":true}]}}