
{"id":3149,"date":"2011-01-22T10:58:02","date_gmt":"2011-01-22T13:58:02","guid":{"rendered":"http:\/\/www.sudoestehoje.com.br\/novoportal\/?p=3149"},"modified":"2011-01-22T11:03:40","modified_gmt":"2011-01-22T14:03:40","slug":"o-iptu","status":"publish","type":"post","link":"https:\/\/www.sudoestehoje.com.br\/novoportal\/2011\/01\/22\/o-iptu\/","title":{"rendered":"O IPTU"},"content":{"rendered":"<p><a href=\"http:\/\/www.google.com.br\/imgres?imgurl=http:\/\/www.sudoestehoje.com.br\/novoportal\/wp-content\/uploads\/2010\/11\/100_41591.jpg&amp;imgrefurl=http:\/\/www.sudoestehoje.com.br\/novoportal\/2010\/11\/27\/reforma-administrativa-ja\/&amp;usg=__9uf31DiIgTwY8Kt1JMwvOjtZe00=&amp;h=2748&amp;w=3664&amp;sz=1364&amp;hl=pt-br&amp;start=1&amp;zoom=1&amp;um=1&amp;itbs=1&amp;tbnid=JJAklhNijKSewM:&amp;tbnh=113&amp;tbnw=150&amp;prev=\/images%3Fq%3Djos%25C3%25A9%2Belias%2Bribeiro%26um%3D1%26hl%3Dpt-br%26sa%3DN%26rlz%3D1R2SKPB_pt-BRBR354%26tbs%3Disch:1&amp;ei=f-E6TeqyKZDegQf68P2jCA\"><img loading=\"lazy\" decoding=\"async\" class=\"alignleft\" src=\"http:\/\/t0.gstatic.com\/images?q=tbn:ANd9GcR5XcGyfNaYEqbXWKoIALEaAkZ1Sr2-ENNN6fDDtiyrKd__iAtcW0LEhrX1\" alt=\"\" width=\"150\" height=\"113\" \/><\/a>Janeiro \u00e9 m\u00eas de pagar o IPTU. O munic\u00edpio estabelece por lei os valores que ser\u00e3o pagos, e fica com tudo o que for arrecadado a t\u00edtulo de pagamento de IPTU. Em, 1776, o escoc\u00eas Adam Smith, publicou em sua obra cl\u00e1ssica, A RIQUEZA DAS NA\u00c7\u00d5ES, que um imposto deve ter justi\u00e7a, simplicidade e neutralidade. Justi\u00e7a, para que o cidad\u00e3o n\u00e3o pague mais do que sua capacidade de pagamento; simplicidade, para o contribuinte pagar e o Estado fiscalizar; neutralidade, para n\u00e3o influir na vida das empresas e dos consumidores.<\/p>\n<p>Ao contr\u00e1rio do que o senso comun acredita, o imposto sobre a propriedade predial e territorial urbana n\u00e3o \u00e9 pago para manuten\u00e7\u00e3o das ruas, cal\u00e7adas e outros servi\u00e7os p\u00fablicos ligados a propriedade de um im\u00f3vel. O dinheiro arrecadado pela cobran\u00e7a do IPTU \u00e9 classificado como tributo n\u00e3o vinculado, podendo ser gasto como o executivo bem entender.<\/p>\n<p>O IPTU \u00e9 um imposto justo? Sim. Se houver: 1. Meio fio ou cal\u00e7amento com canaliza\u00e7\u00e3o de \u00e1guas pluviais; 2. Abastecimento de \u00e1gua; 3. Sistema de esgotos sanit\u00e1rios; 4. Rede de ilumina\u00e7\u00e3o p\u00fablica com posteamento para distribui\u00e7\u00e3o domiciliar; 5. Coleta do lixo. Existem bairros que n\u00e3o s\u00e3o contemplados.<\/p>\n<p>O imposto \u00e9 pago por contribuinte agraciado e por contribuinte n\u00e3o agraciado. Para o contribuinte n\u00e3o agraciado com a presta\u00e7\u00e3o dos servi\u00e7os p\u00fablicos descritos, o IPTU n\u00e3o \u00e9 t\u00e3o justo assim.<\/p>\n<p><strong>Por JOS\u00c9 ELIAS RIBEIRO<br \/>\n<\/strong><\/p>\n","protected":false},"excerpt":{"rendered":"<p>Janeiro \u00e9 m\u00eas de pagar o IPTU. O munic\u00edpio estabelece por lei os valores que ser\u00e3o pagos, e fica com tudo o que for arrecadado a t\u00edtulo de pagamento de IPTU. Em, 1776, o escoc\u00eas Adam Smith, publicou em sua obra cl\u00e1ssica, A RIQUEZA DAS NA\u00c7\u00d5ES, que um imposto deve ter justi\u00e7a, simplicidade e neutralidade. [&hellip;]<\/p>\n","protected":false},"author":2,"featured_media":0,"comment_status":"open","ping_status":"open","sticky":false,"template":"","format":"standard","meta":{"footnotes":"","_links_to":"","_links_to_target":""},"categories":[1],"tags":[],"class_list":["post-3149","post","type-post","status-publish","format-standard","hentry","category-geral"],"views":1590,"_links":{"self":[{"href":"https:\/\/www.sudoestehoje.com.br\/novoportal\/wp-json\/wp\/v2\/posts\/3149","targetHints":{"allow":["GET"]}}],"collection":[{"href":"https:\/\/www.sudoestehoje.com.br\/novoportal\/wp-json\/wp\/v2\/posts"}],"about":[{"href":"https:\/\/www.sudoestehoje.com.br\/novoportal\/wp-json\/wp\/v2\/types\/post"}],"author":[{"embeddable":true,"href":"https:\/\/www.sudoestehoje.com.br\/novoportal\/wp-json\/wp\/v2\/users\/2"}],"replies":[{"embeddable":true,"href":"https:\/\/www.sudoestehoje.com.br\/novoportal\/wp-json\/wp\/v2\/comments?post=3149"}],"version-history":[{"count":4,"href":"https:\/\/www.sudoestehoje.com.br\/novoportal\/wp-json\/wp\/v2\/posts\/3149\/revisions"}],"predecessor-version":[{"id":3152,"href":"https:\/\/www.sudoestehoje.com.br\/novoportal\/wp-json\/wp\/v2\/posts\/3149\/revisions\/3152"}],"wp:attachment":[{"href":"https:\/\/www.sudoestehoje.com.br\/novoportal\/wp-json\/wp\/v2\/media?parent=3149"}],"wp:term":[{"taxonomy":"category","embeddable":true,"href":"https:\/\/www.sudoestehoje.com.br\/novoportal\/wp-json\/wp\/v2\/categories?post=3149"},{"taxonomy":"post_tag","embeddable":true,"href":"https:\/\/www.sudoestehoje.com.br\/novoportal\/wp-json\/wp\/v2\/tags?post=3149"}],"curies":[{"name":"wp","href":"https:\/\/api.w.org\/{rel}","templated":true}]}}