
{"id":31470,"date":"2013-10-23T23:54:22","date_gmt":"2013-10-24T02:54:22","guid":{"rendered":"http:\/\/www.sudoestehoje.com.br\/novoportal\/?p=31470"},"modified":"2013-10-23T23:54:22","modified_gmt":"2013-10-24T02:54:22","slug":"firmino-alves-prefeito-lero-cunha-demite-120-servidores-contratados","status":"publish","type":"post","link":"https:\/\/www.sudoestehoje.com.br\/novoportal\/2013\/10\/23\/firmino-alves-prefeito-lero-cunha-demite-120-servidores-contratados\/","title":{"rendered":"FIRMINO ALVES: PREFEITO LERO CUNHA DEMITE 120 SERVIDORES CONTRATADOS"},"content":{"rendered":"<p style=\"text-align: center;\"><a href=\"http:\/\/www.sudoestehoje.com.br\/novoportal\/wp-content\/uploads\/2013\/10\/lero.jpg\"><img decoding=\"async\" class=\"aligncenter  wp-image-31471\" alt=\"lero\" src=\"http:\/\/www.sudoestehoje.com.br\/novoportal\/wp-content\/uploads\/2013\/10\/lero-451x500.jpg\" width=\"350\" srcset=\"https:\/\/www.sudoestehoje.com.br\/novoportal\/wp-content\/uploads\/2013\/10\/lero-451x500.jpg 451w, https:\/\/www.sudoestehoje.com.br\/novoportal\/wp-content\/uploads\/2013\/10\/lero.jpg 600w\" sizes=\"(max-width: 451px) 100vw, 451px\" \/><\/a><\/p>\n<p>Nesta quarta-feira o prefeito Firmino Alves, Lero Cunha (PSB) demitiu 120 funcion\u00e1rios contratados pela prefeitura. A medida do alcaide causou uma grande revolta na cidade.<\/p>\n<p>O prefeito alegou a queda da arrecada\u00e7\u00e3o foi a respons\u00e1vel pela a demiss\u00e3o em massa, e que provavelmente em mar\u00e7o de 2014 todos ser\u00e3o contratados.<\/p>\n<p>A cidade tem enfrentando uma grande crise ap\u00f3s o fechamento dos dois galp\u00f5es da Azal\u00e9ia em 2012. Com as demiss\u00f5es da prefeitura a cidade vai sofrer ainda mais impacto na economia. <em>Pol\u00edticos do Sul<\/em><\/p>\n","protected":false},"excerpt":{"rendered":"<p>Nesta quarta-feira o prefeito Firmino Alves, Lero Cunha (PSB) demitiu 120 funcion\u00e1rios contratados pela prefeitura. A medida do alcaide causou uma grande revolta na cidade. O prefeito alegou a queda da arrecada\u00e7\u00e3o foi a respons\u00e1vel pela a demiss\u00e3o em massa, e que provavelmente em mar\u00e7o de 2014 todos ser\u00e3o contratados. A cidade tem enfrentando uma [&hellip;]<\/p>\n","protected":false},"author":2,"featured_media":0,"comment_status":"open","ping_status":"open","sticky":false,"template":"","format":"standard","meta":{"footnotes":"","_links_to":"","_links_to_target":""},"categories":[1],"tags":[],"class_list":["post-31470","post","type-post","status-publish","format-standard","hentry","category-geral"],"views":1306,"_links":{"self":[{"href":"https:\/\/www.sudoestehoje.com.br\/novoportal\/wp-json\/wp\/v2\/posts\/31470","targetHints":{"allow":["GET"]}}],"collection":[{"href":"https:\/\/www.sudoestehoje.com.br\/novoportal\/wp-json\/wp\/v2\/posts"}],"about":[{"href":"https:\/\/www.sudoestehoje.com.br\/novoportal\/wp-json\/wp\/v2\/types\/post"}],"author":[{"embeddable":true,"href":"https:\/\/www.sudoestehoje.com.br\/novoportal\/wp-json\/wp\/v2\/users\/2"}],"replies":[{"embeddable":true,"href":"https:\/\/www.sudoestehoje.com.br\/novoportal\/wp-json\/wp\/v2\/comments?post=31470"}],"version-history":[{"count":2,"href":"https:\/\/www.sudoestehoje.com.br\/novoportal\/wp-json\/wp\/v2\/posts\/31470\/revisions"}],"predecessor-version":[{"id":31473,"href":"https:\/\/www.sudoestehoje.com.br\/novoportal\/wp-json\/wp\/v2\/posts\/31470\/revisions\/31473"}],"wp:attachment":[{"href":"https:\/\/www.sudoestehoje.com.br\/novoportal\/wp-json\/wp\/v2\/media?parent=31470"}],"wp:term":[{"taxonomy":"category","embeddable":true,"href":"https:\/\/www.sudoestehoje.com.br\/novoportal\/wp-json\/wp\/v2\/categories?post=31470"},{"taxonomy":"post_tag","embeddable":true,"href":"https:\/\/www.sudoestehoje.com.br\/novoportal\/wp-json\/wp\/v2\/tags?post=31470"}],"curies":[{"name":"wp","href":"https:\/\/api.w.org\/{rel}","templated":true}]}}