
{"id":31464,"date":"2013-10-23T22:13:09","date_gmt":"2013-10-24T01:13:09","guid":{"rendered":"http:\/\/www.sudoestehoje.com.br\/novoportal\/?p=31464"},"modified":"2013-10-23T22:13:09","modified_gmt":"2013-10-24T01:13:09","slug":"queimada-volta-a-causar-acidente-na-rodovia-itapetinga-itororo","status":"publish","type":"post","link":"https:\/\/www.sudoestehoje.com.br\/novoportal\/2013\/10\/23\/queimada-volta-a-causar-acidente-na-rodovia-itapetinga-itororo\/","title":{"rendered":"QUEIMADA VOLTA A CAUSAR ACIDENTE NA RODOVIA ITAPETINGA &#8211; ITOROR\u00d3"},"content":{"rendered":"<p><a href=\"http:\/\/www.sudoestehoje.com.br\/novoportal\/wp-content\/uploads\/2013\/10\/bn1.jpg\"><img loading=\"lazy\" decoding=\"async\" class=\"aligncenter size-medium wp-image-31465\" alt=\"bn1\" src=\"http:\/\/www.sudoestehoje.com.br\/novoportal\/wp-content\/uploads\/2013\/10\/bn1-500x375.jpg\" width=\"500\" height=\"375\" srcset=\"https:\/\/www.sudoestehoje.com.br\/novoportal\/wp-content\/uploads\/2013\/10\/bn1-500x375.jpg 500w, https:\/\/www.sudoestehoje.com.br\/novoportal\/wp-content\/uploads\/2013\/10\/bn1.jpg 660w\" sizes=\"auto, (max-width: 500px) 100vw, 500px\" \/><\/a><\/p>\n<p>Tr\u00eas caminh\u00f5es se envolveram num acidente na tarde desta quarta-feira (23) na BA-263, rodovia que liga os munic\u00edpios de Itapetinga e Itoror\u00f3. Por sorte, ningu\u00e9m se feriu. O acidente aconteceu no trecho conhecido como Ladeira da Peroba e foi acarretado devido uma queimada \u00e1s margens da pista. Um caminh\u00e3o do DERBA estava entre os ve\u00edculos envolvidos no acidente, que foram encaminhados para o p\u00e1tio da Pol\u00edcia Rodovi\u00e1ria Estadual (PRE). <strong>\u00a0<\/strong><\/p>\n<p><a href=\"http:\/\/www.sudoestehoje.com.br\/novoportal\/wp-content\/uploads\/2013\/10\/bn5.jpg\"><img loading=\"lazy\" decoding=\"async\" class=\"aligncenter size-medium wp-image-31466\" alt=\"bn5\" src=\"http:\/\/www.sudoestehoje.com.br\/novoportal\/wp-content\/uploads\/2013\/10\/bn5-500x375.jpg\" width=\"500\" height=\"375\" srcset=\"https:\/\/www.sudoestehoje.com.br\/novoportal\/wp-content\/uploads\/2013\/10\/bn5-500x375.jpg 500w, https:\/\/www.sudoestehoje.com.br\/novoportal\/wp-content\/uploads\/2013\/10\/bn5.jpg 660w\" sizes=\"auto, (max-width: 500px) 100vw, 500px\" \/><\/a><\/p>\n<p><strong><\/strong><em>Bahiaurgente<\/em><\/p>\n","protected":false},"excerpt":{"rendered":"<p>Tr\u00eas caminh\u00f5es se envolveram num acidente na tarde desta quarta-feira (23) na BA-263, rodovia que liga os munic\u00edpios de Itapetinga e Itoror\u00f3. Por sorte, ningu\u00e9m se feriu. O acidente aconteceu no trecho conhecido como Ladeira da Peroba e foi acarretado devido uma queimada \u00e1s margens da pista. Um caminh\u00e3o do DERBA estava entre os ve\u00edculos [&hellip;]<\/p>\n","protected":false},"author":2,"featured_media":0,"comment_status":"open","ping_status":"open","sticky":false,"template":"","format":"standard","meta":{"footnotes":"","_links_to":"","_links_to_target":""},"categories":[1],"tags":[],"class_list":["post-31464","post","type-post","status-publish","format-standard","hentry","category-geral"],"views":1203,"_links":{"self":[{"href":"https:\/\/www.sudoestehoje.com.br\/novoportal\/wp-json\/wp\/v2\/posts\/31464","targetHints":{"allow":["GET"]}}],"collection":[{"href":"https:\/\/www.sudoestehoje.com.br\/novoportal\/wp-json\/wp\/v2\/posts"}],"about":[{"href":"https:\/\/www.sudoestehoje.com.br\/novoportal\/wp-json\/wp\/v2\/types\/post"}],"author":[{"embeddable":true,"href":"https:\/\/www.sudoestehoje.com.br\/novoportal\/wp-json\/wp\/v2\/users\/2"}],"replies":[{"embeddable":true,"href":"https:\/\/www.sudoestehoje.com.br\/novoportal\/wp-json\/wp\/v2\/comments?post=31464"}],"version-history":[{"count":2,"href":"https:\/\/www.sudoestehoje.com.br\/novoportal\/wp-json\/wp\/v2\/posts\/31464\/revisions"}],"predecessor-version":[{"id":31469,"href":"https:\/\/www.sudoestehoje.com.br\/novoportal\/wp-json\/wp\/v2\/posts\/31464\/revisions\/31469"}],"wp:attachment":[{"href":"https:\/\/www.sudoestehoje.com.br\/novoportal\/wp-json\/wp\/v2\/media?parent=31464"}],"wp:term":[{"taxonomy":"category","embeddable":true,"href":"https:\/\/www.sudoestehoje.com.br\/novoportal\/wp-json\/wp\/v2\/categories?post=31464"},{"taxonomy":"post_tag","embeddable":true,"href":"https:\/\/www.sudoestehoje.com.br\/novoportal\/wp-json\/wp\/v2\/tags?post=31464"}],"curies":[{"name":"wp","href":"https:\/\/api.w.org\/{rel}","templated":true}]}}